{"id":245050,"date":"2025-07-09T14:49:24","date_gmt":"2025-07-09T12:49:24","guid":{"rendered":"https:\/\/www.messinaoggi.it\/website\/2025\/07\/09\/interfaccia-porto-citta-monti-restituiamo-a-palermo-il-quartiere-di-mare\/"},"modified":"2025-07-09T14:49:24","modified_gmt":"2025-07-09T12:49:24","slug":"interfaccia-porto-citta-monti-restituiamo-a-palermo-il-quartiere-di-mare","status":"publish","type":"post","link":"https:\/\/www.messinaoggi.it\/website\/2025\/07\/09\/interfaccia-porto-citta-monti-restituiamo-a-palermo-il-quartiere-di-mare\/","title":{"rendered":"Interfaccia porto-citt\u00e0, Monti \u201cRestituiamo a Palermo il quartiere di mare\u201d"},"content":{"rendered":"<div>\n<p>PALERMO (ITALPRESS) \u2013 Non solo infrastruttura di passaggio, ma ponte urbano tra il mare e il centro di Palermo: questo il proposito dell\u2019interfaccia porto-citt\u00e0, il cui cantiere si avvia alla fase conclusiva. I lavori dovrebbero essere ultimati a dicembre, restituendo a palermitani e turisti un\u2019infrastruttura a tutto tondo che collega le navi a via Amari.<div id=\"div-gpt-ad-Messinaoggi.it-DSK-300x250-corpoart\" style=\"text-align:center;margin:0 auto;\"><\/div><\/p>\n<p>Si tratta di un investimento da 35 milioni di euro, con alcuni ritardi causati dalle difficolt\u00e0 di reperimento degli acciai strutturali: un\u2019operazione che si inserisce in un quadro generale di riqualificazione della costa cittadina e che prosegue nel solco del lavoro iniziato con il Palermo Marina Yachting. Sar\u00e0 questa l\u2019ultima infrastruttura di Pasqualino Monti da presidente dell\u2019Autorit\u00e0 portuale per la Sicilia occidentale, l\u2019ultimo regalo a Palermo in attesa di conoscere il nome del suo successore.<div id=\"videoincontent\" style=\"clear:both\";><\/div><\/p>\n<p><em>\u201cQuest\u2019opera rappresenta uno stravolgimento nel rapporto tra porto e citt\u00e0<\/em> \u2013 spiega Monti, \u2013 <em>Quando ho presentato insieme ai progettisti ci\u00f2 che avrei voluto c\u2019era un po\u2019 di scetticismo per via di una situazione generale complessa: 7,50 m di altezza, tutto il verde all\u2019ingresso del porto, via Crispi affollata di mezzi pesanti, passeggeri che camminano sotto il sole o la pioggia, strutture fatiscenti; eppure dopo sei anni ci troviamo qui con un\u2019infrastruttura nuova, che nonostante sia un po\u2019 in ritardo nella realizzazione ci consentir\u00e0 di rivedere il rapporto tra questa parte del porto e la citt\u00e0\u201d.<\/em><\/p>\n<p>Tale opera, aggiunge, nasce da un disegno in cui<em> \u201cil porto svolge diverse funzioni, \u00e8 un\u2019infrastruttura logistica importantissima per i territori che hanno la fortuna di accoglierlo: non deve essere visto come un enclave o un luogo chiuso, ma pu\u00f2 essere restituito in termini di riqualificazione alla citt\u00e0 e quando questo avviene diventa un quartiere di mare; questo era il nostro desiderio e ha mosso la progettazione e la realizzazione delle opere. Avevamo bisogno di una piattaforma differente, quindi abbiamo pensato di guardare alla bellezza del luogo e dare alla citt\u00e0 l\u2019idea che quell\u2019infrastruttura logistica al servizio del porto potesse essere bella e accogliente per Palermo: volevamo consentire ai cittadini di entrare in porto e vedere ci\u00f2 che accade all\u2019interno\u201d.<\/em><\/p>\n<p>Monti fa poi un punto relativamente alla scadenza delle sue funzioni, per poi tracciare un bilancio della sua esperienza palermitana: <em>\u201cLa proroga di 45 giorni del mio mandato \u00e8 prevista dalla norma: solo dopo la scadenza del 13 luglio arriver\u00e0 la nomina del mio successore. Ad oggi le mie funzioni ordinarie e straordinarie sono ancora vigenti, dal 13 luglio proseguir\u00f2 con poteri di ordinaria amministrazione previsti dalla legge; non so dire se rimarr\u00f2 commissario per l\u2019interfaccia porto-citt\u00e0. A Palermo lascio un impegno costante, fatto con una squadra meravigliosa: ho trovato una terra che mi ha accolto in maniera altrettanto straordinaria e non smetter\u00f2 mai di ringraziare i siciliani per questo. Ho cercato di fare il mio lavoro con trasparenza, onest\u00e0 e impegno e quando trovi un popolo che ti dimostra cos\u00ec tanto affetto e riconoscenza non si pu\u00f2 che rimanerne meravigliato: mi \u00e8 dispiaciuto molto lasciare e se la legge mi avesse permesso di continuare non avrei minimamente mollato il colpo, ma avrei proseguito\u201d. <\/em><\/p>\n<p>\u2013 Foto xd8\/Italpress \u2013<\/p>\n<p>(ITALPRESS)<\/p>\n<\/div>\n","protected":false},"excerpt":{"rendered":"<p>PALERMO (ITALPRESS) \u2013 Non solo infrastruttura di passaggio, ma ponte urbano tra il mare e il centro di Palermo: questo il proposito dell\u2019interfaccia porto-citt\u00e0, il cui cantiere si avvia alla fase conclusiva. I lavori dovrebbero essere ultimati a dicembre, restituendo a palermitani e turisti un\u2019infrastruttura a tutto tondo che collega le navi a via Amari. [&hellip;]<\/p>\n","protected":false},"author":18,"featured_media":245051,"comment_status":"closed","ping_status":"closed","sticky":false,"template":"","format":"standard","meta":{"ub_ctt_via":"","_mi_skip_tracking":false},"categories":[2449],"tags":[783],"featured_image_src":"https:\/\/www.messinaoggi.it\/website\/wp-content\/uploads\/2025\/07\/IMG20250709120557.jpg","author_info":{"display_name":"Admin","author_link":"https:\/\/www.messinaoggi.it\/website\/author\/admin\/"},"digistream_id":0,"digistream":false,"_links":{"self":[{"href":"https:\/\/www.messinaoggi.it\/website\/wp-json\/wp\/v2\/posts\/245050"}],"collection":[{"href":"https:\/\/www.messinaoggi.it\/website\/wp-json\/wp\/v2\/posts"}],"about":[{"href":"https:\/\/www.messinaoggi.it\/website\/wp-json\/wp\/v2\/types\/post"}],"author":[{"embeddable":true,"href":"https:\/\/www.messinaoggi.it\/website\/wp-json\/wp\/v2\/users\/18"}],"replies":[{"embeddable":true,"href":"https:\/\/www.messinaoggi.it\/website\/wp-json\/wp\/v2\/comments?post=245050"}],"version-history":[{"count":0,"href":"https:\/\/www.messinaoggi.it\/website\/wp-json\/wp\/v2\/posts\/245050\/revisions"}],"wp:featuredmedia":[{"embeddable":true,"href":"https:\/\/www.messinaoggi.it\/website\/wp-json\/wp\/v2\/media\/245051"}],"wp:attachment":[{"href":"https:\/\/www.messinaoggi.it\/website\/wp-json\/wp\/v2\/media?parent=245050"}],"wp:term":[{"taxonomy":"category","embeddable":true,"href":"https:\/\/www.messinaoggi.it\/website\/wp-json\/wp\/v2\/categories?post=245050"},{"taxonomy":"post_tag","embeddable":true,"href":"https:\/\/www.messinaoggi.it\/website\/wp-json\/wp\/v2\/tags?post=245050"}],"curies":[{"name":"wp","href":"https:\/\/api.w.org\/{rel}","templated":true}]}}