{"id":245037,"date":"2025-07-09T13:49:25","date_gmt":"2025-07-09T11:49:25","guid":{"rendered":"http:\/\/www.messinaoggi.it\/website\/?p=245037"},"modified":"2025-07-09T15:48:36","modified_gmt":"2025-07-09T13:48:36","slug":"drin-drin-verso-il-partito-sicilia-e-messina-protagoniste","status":"publish","type":"post","link":"https:\/\/www.messinaoggi.it\/website\/2025\/07\/09\/drin-drin-verso-il-partito-sicilia-e-messina-protagoniste\/","title":{"rendered":"Drin Drin, verso il partito: Sicilia e Messina protagoniste"},"content":{"rendered":"\n<p>Con una partecipazione del 77% degli iscritti siciliani, il Movimento Drin Drin \u2013 fondato nell\u2019estate 2024 dall&#8217;economista <strong>Michele Boldrin<\/strong> e dall&#8217;imprenditore <strong>Alberto Forchielli<\/strong> \u2013 ha portato a termine con successo le votazioni congressuali in Sicilia (contestualmente alle altre regioni), eleggendo il nuovo Coordinatore Regionale, l\u2019Assemblea e i Delegati al congresso nazionale previsto per ottobre.<div id=\"div-gpt-ad-Messinaoggi.it-DSK-300x250-corpoart\" style=\"text-align:center;margin:0 auto;\"><\/div><\/p>\n\n\n\n<p>\u00abIn Sicilia abbiamo dimostrato che un\u2019altra politica \u00e8 possibile\u00bb, ha affermato <strong>Mattia Catalano<\/strong>, 22 anni, studente di economia all&#8217;Universit\u00e0 di Palermo e da sempre appassionato di politica, eletto Coordinatore Regionale e Delegato per la circoscrizione di Palermo. \u00abSiamo stanchi di un sistema clientelare senza visione. Serve un\u2019alternativa concreta, basata sui dati e sulle competenze e non su ideologie anacronistiche.\u00bb<div id=\"videoincontent\" style=\"clear:both\";><\/div><\/p>\n\n\n\n<p>Messina e la sua provincia hanno giocato un ruolo centrale in questo processo: il territorio sar\u00e0 rappresentato da <strong>Mauro Caratozzolo<\/strong>, 38 anni, esperto in market research in ambito salute e gi\u00e0 Coordinatore Provinciale ad interim, e <strong>Carlo Bramanti<\/strong>, 20 anni, studente di giurisprudenza all\u2019Universit\u00e0 LUISS Guido Carli. Due profili complementari, accomunati dalla volont\u00e0 di portare nella politica seriet\u00e0, metodo e passione civile. La Provincia di Messina \u00e8 dunque in prima linea con due delegati su otto eletti nell&#8217;Assemblea regionale del Drin Drin. <\/p>\n\n\n\n<p>\u201cSeguo la politica da quando sono nato, ma per anni l\u2019ho fatto con crescente disillusione. Ho visto un Paese \u2013 e una Sicilia in particolare \u2013 invecchiare male, bloccata da rendite, corporazioni, clientelismo. In molti, anche tra i pi\u00f9 giovani, hanno smesso di crederci. Ma io penso che la battaglia non sia persa: se non ce la giochiamo, la perdiamo di sicuro. E allora giochiamocela. In giro per il mondo ci sono territori partiti da condizioni peggiori delle nostre che ce l\u2019hanno fatta davvero. Gli esempi abbondano. Questo vuol dire che si pu\u00f2 fare anche qui: in Sicilia, a Messina. Il Movimento Drin Drin ha messo in moto qualcosa di raro e prezioso: idee forti, libert\u00e0 intellettuale, competenze vere. Ma serve un lavoro di squadra, una visione concreta, la voglia di mettersi in gioco. Per questo lancio un appello a tutte e tutti \u2013 giovani e meno giovani \u2013 che credono che meritiamo una classe dirigente migliore: fatevi avanti, perch\u00e9 qui c\u2019\u00e8 posto per voi\u201d afferma con convinzione <strong>Mauro Caratozzolo<\/strong>. <\/p>\n\n\n\n<p>\u201c\u00c8 arrivato il momento di tornare a pensare in grande e mettere da parte qualsiasi tipo di mentalit\u00e0 provinciale. Serve una strategia da grande citt\u00e0, da regione protagonista nel Mediterraneo, non da fanalino di coda dell\u2019Europa. Il dibattito pubblico e le agende politiche devono rimettere al centro i temi importanti: industria, formazione, universit\u00e0, ricerca, poich\u00e9 sono questi i motori reali dell\u2019innovazione e dell\u2019occupazione qualificata. Continuare a puntare tutto sul turismo, cio\u00e8 un settore trainato ed a basso valore aggiunto e sostenere l\u2019economia con bonus spot e misure clientelari non fa altro che alimentare il declino\u201d spiega <strong>Carlo Bramanti<\/strong>.<\/p>\n\n\n\n<p>\u201cLa nostra regione rischia di trasformarsi definitivamente in un deserto industriale e culturale, svuotato di giovani e cervelli, utile solo come grande casa vacanze per turisti e vistatori di passaggio. Destra e sinistra sembrano incapaci di rompere questo schema. Serve una discontinuit\u00e0 radicale: investimenti strutturali, politiche industriali serie, un\u2019alleanza strategica tra universit\u00e0, imprese e istituzioni locali. La scelta \u00e8 semplice: o torniamo a costruire futuro o restiamo spettatori del nostro stesso declino\u201d ribadisce Bramanti. <\/p>\n\n\n\n<p>Anche gli altri territori siciliani hanno espresso una rappresentanza variegata e giovane:<\/p>\n\n\n\n<ol><li><strong>Vincenzo Claudio Piscopo <\/strong>(28 anni, ingegnere aerospaziale, Palermo)<\/li><li><strong>Pietro Semilia<\/strong> (38 anni, imprenditore, Palermo)<\/li><li><strong>Giuseppina Giardina<\/strong> (28 anni, visual designer, Catania)<\/li><li><strong>Eros Mancuso<\/strong> (28 anni, project manager, Catania)<\/li><li><strong>Gaetano Ivan Formusa<\/strong> (25 anni, commerciale, Trapani)<\/li><\/ol>\n\n\n\n<p>I delegati eletti sono tutti under 40, un dato significativo che conferma l\u2019interesse e la determinazione delle nuove generazioni a prendere parte al progetto e la volont\u00e0 dei fondatori di puntare su un rinnovamento generazionale.<\/p>\n\n\n\n<p>Il Movimento Drin Drin, che oggi conta oltre 14.000 iscritti, con una prevalenza di giovani, punta a costruire un nuovo soggetto politico fondato su pragmatismo, innovazione e competenza tecnica. <\/p>\n\n\n\n<p>Tra le sue priorit\u00e0: <\/p>\n\n\n\n<ul><li>la riforma dell\u2019istruzione e della pubblica amministrazione verso una scuola pi\u00f9 inclusiva e moderna<\/li><li>il sostegno alla produttivit\u00e0 e alla crescita economica<\/li><li>la promozione della transizione energetica sfruttando il nucleare<\/li><li>una posizione chiara e coerente in politica estera: pro-europea e pro-Ucraina <\/li><li>un\u2019attenzione particolare al rilancio demografico e meritocratico del Paese.<\/li><\/ul>\n\n\n\n<p><strong>Michele Boldrin<\/strong>, cofondatore del movimento e professore di economia alla Washington University di St. Louis, ha dichiarato, durante il collegamento in diretta YouTube per annunciare i risultati nella nottata di sabato: <\/p>\n\n\n\n<p>\u201cLa partecipazione elettorale e la costituzione del partito sono un passo fondamentale nel percorso che sta trasformando un\u2019idea condivisa &#8211; dare una sveglia all\u2019Italia per stimolare crescita e innovazione &#8211; in una proposta politica programmatica, resa possibile da chi ha creduto nell\u2019associazione e si \u00e8 attivato, votando\u201d. <\/p>\n\n\n\n<p>Aggiungendo, poi, \u201cIl futuro dell\u2019Italia dipende da scelte coraggiose e programmatiche a sostegno dell\u2019economia e delle generazioni future. I giovani ci stanno seguendo&#8221;.<\/p>\n\n\n\n<p><strong>Alberto Forchielli<\/strong>, imprenditore e investitore internazionale che in passato ha lavorato con istituzioni come la Banca Mondiale e la BEI ha dichiarato: <\/p>\n\n\n\n<p>\u00abIl consenso e la partecipazione dimostrano che c\u2019\u00e8 voglia di contare, di costruire un\u2019alternativa. Non si pu\u00f2 pi\u00f9 delegare: \u00e8 tempo di alzarsi e lavorare per il futuro\u00bb.<\/p>\n\n\n\n<p>Quest\u2019estate i neoeletti delegati parteciperanno gratuitamente a una settimana di scuola civico-politica organizzata dall\u2019associazione (si terr\u00e0 a Urbino tra luglio e agosto e sar\u00e0 aperta anche ai candidati non eletti). A seguire, il voto al congresso in autunno definir\u00e0 la dirigenza del nuovo partito. <\/p>\n\n\n\n<p>La Sicilia e Messina vogliono essere quindi protagoniste di questa nuova esperienza. Non resta che vedere cosa riserver\u00e0 il futuro per questa nuova realt\u00e0 e quale influenza sar\u00e0 in grado di esercitare sul sistema Italia. <\/p>\n\n\n\n<p><strong>Michele Bruno.<\/strong><\/p>\n","protected":false},"excerpt":{"rendered":"<p>Con una partecipazione del 77% degli iscritti siciliani, il Movimento Drin Drin \u2013 fondato nell\u2019estate 2024 dall&#8217;economista Michele Boldrin e dall&#8217;imprenditore Alberto Forchielli \u2013 ha portato a termine con successo le votazioni congressuali in Sicilia (contestualmente alle altre regioni), eleggendo il nuovo Coordinatore Regionale, l\u2019Assemblea e i Delegati al congresso nazionale previsto per ottobre. \u00abIn [&hellip;]<\/p>\n","protected":false},"author":123457,"featured_media":245047,"comment_status":"open","ping_status":"open","sticky":false,"template":"","format":"standard","meta":{"ub_ctt_via":"","_mi_skip_tracking":false},"categories":[4,6],"tags":[11579,11221,11219,6727,11578],"featured_image_src":"https:\/\/www.messinaoggi.it\/website\/wp-content\/uploads\/2025\/07\/Screenshot_20250709_134730_Chrome.jpg","author_info":{"display_name":"Michele Bruno","author_link":"https:\/\/www.messinaoggi.it\/website\/author\/michele-bruno\/"},"digistream_id":0,"digistream":false,"_links":{"self":[{"href":"https:\/\/www.messinaoggi.it\/website\/wp-json\/wp\/v2\/posts\/245037"}],"collection":[{"href":"https:\/\/www.messinaoggi.it\/website\/wp-json\/wp\/v2\/posts"}],"about":[{"href":"https:\/\/www.messinaoggi.it\/website\/wp-json\/wp\/v2\/types\/post"}],"author":[{"embeddable":true,"href":"https:\/\/www.messinaoggi.it\/website\/wp-json\/wp\/v2\/users\/123457"}],"replies":[{"embeddable":true,"href":"https:\/\/www.messinaoggi.it\/website\/wp-json\/wp\/v2\/comments?post=245037"}],"version-history":[{"count":6,"href":"https:\/\/www.messinaoggi.it\/website\/wp-json\/wp\/v2\/posts\/245037\/revisions"}],"predecessor-version":[{"id":245056,"href":"https:\/\/www.messinaoggi.it\/website\/wp-json\/wp\/v2\/posts\/245037\/revisions\/245056"}],"wp:featuredmedia":[{"embeddable":true,"href":"https:\/\/www.messinaoggi.it\/website\/wp-json\/wp\/v2\/media\/245047"}],"wp:attachment":[{"href":"https:\/\/www.messinaoggi.it\/website\/wp-json\/wp\/v2\/media?parent=245037"}],"wp:term":[{"taxonomy":"category","embeddable":true,"href":"https:\/\/www.messinaoggi.it\/website\/wp-json\/wp\/v2\/categories?post=245037"},{"taxonomy":"post_tag","embeddable":true,"href":"https:\/\/www.messinaoggi.it\/website\/wp-json\/wp\/v2\/tags?post=245037"}],"curies":[{"name":"wp","href":"https:\/\/api.w.org\/{rel}","templated":true}]}}