{"id":245028,"date":"2025-07-09T12:30:36","date_gmt":"2025-07-09T10:30:36","guid":{"rendered":"http:\/\/www.messinaoggi.it\/website\/?p=245028"},"modified":"2025-07-09T12:30:37","modified_gmt":"2025-07-09T10:30:37","slug":"scomparsa-tedesco-appello-del-sindaco","status":"publish","type":"post","link":"https:\/\/www.messinaoggi.it\/website\/2025\/07\/09\/scomparsa-tedesco-appello-del-sindaco\/","title":{"rendered":"Scomparsa Tedesco, appello del sindaco"},"content":{"rendered":"\n<p>Giardini &#8211; Naxos &#8211; Appello del sindaco, Giorgio Stracuzzi, a seguito della scomparsa del concittadino di 62 anni, Rodolfo Tedesco. &#8220;Sono preoccupato, assieme a tutta la cittadinanza &#8211; ha detto il primo cittadino per la scomparsa di Rodolfo, di cui non si ha traccia dal 7 giugno scorso. In questo particolare momento mi sento molto vicino alla famiglia alla quale sono legati da amicizia ed affetto in particolare con il fratello Sandro. Faccio un appello a tutti affinch\u00e9 si possa fare rete per ritrovare il nostro concittadino&#8221;. Rodolfo sarebbe salito su un treno da Messina diretto a Taormina, ma sembra sia sceso a Galati e da quel momento si sono perse le sue tracce. Il suo telefono \u00e8 stato ritrovato abbandonato nella zona. \u00c8 stata presentata denuncia di scomparsa e sono state gi\u00e0 attivate Polfer e Carabinieri. Sono stati inoltre contattati i pronto soccorsi di Messina e allertati i centri per persone senza fissa dimora.<br>Del caso si \u00e8 interessata anche la nota trasmissione &#8220;Chi l&#8217;ha visto?&#8221; di Rai 3.<div id=\"div-gpt-ad-Messinaoggi.it-DSK-300x250-corpoart\" style=\"text-align:center;margin:0 auto;\"><\/div><\/p>\n<div id=\"videoincontent\" style=\"clear:both\";><\/div>","protected":false},"excerpt":{"rendered":"<p>Giardini &#8211; Naxos &#8211; Appello del sindaco, Giorgio Stracuzzi, a seguito della scomparsa del concittadino di 62 anni, Rodolfo Tedesco. &#8220;Sono preoccupato, assieme a tutta la cittadinanza &#8211; ha detto il primo cittadino per la scomparsa di Rodolfo, di cui non si ha traccia dal 7 giugno scorso. In questo particolare momento mi sento molto [&hellip;]<\/p>\n","protected":false},"author":2,"featured_media":245029,"comment_status":"open","ping_status":"open","sticky":false,"template":"","format":"standard","meta":{"ub_ctt_via":"","_mi_skip_tracking":false},"categories":[13,15],"tags":[],"featured_image_src":"https:\/\/www.messinaoggi.it\/website\/wp-content\/uploads\/2025\/07\/f98ed6f2-cfb9-4bab-8a6c-d328b91f540a.jpeg","author_info":{"display_name":"Redazione","author_link":"https:\/\/www.messinaoggi.it\/website\/author\/redazione\/"},"digistream_id":0,"digistream":false,"_links":{"self":[{"href":"https:\/\/www.messinaoggi.it\/website\/wp-json\/wp\/v2\/posts\/245028"}],"collection":[{"href":"https:\/\/www.messinaoggi.it\/website\/wp-json\/wp\/v2\/posts"}],"about":[{"href":"https:\/\/www.messinaoggi.it\/website\/wp-json\/wp\/v2\/types\/post"}],"author":[{"embeddable":true,"href":"https:\/\/www.messinaoggi.it\/website\/wp-json\/wp\/v2\/users\/2"}],"replies":[{"embeddable":true,"href":"https:\/\/www.messinaoggi.it\/website\/wp-json\/wp\/v2\/comments?post=245028"}],"version-history":[{"count":1,"href":"https:\/\/www.messinaoggi.it\/website\/wp-json\/wp\/v2\/posts\/245028\/revisions"}],"predecessor-version":[{"id":245030,"href":"https:\/\/www.messinaoggi.it\/website\/wp-json\/wp\/v2\/posts\/245028\/revisions\/245030"}],"wp:featuredmedia":[{"embeddable":true,"href":"https:\/\/www.messinaoggi.it\/website\/wp-json\/wp\/v2\/media\/245029"}],"wp:attachment":[{"href":"https:\/\/www.messinaoggi.it\/website\/wp-json\/wp\/v2\/media?parent=245028"}],"wp:term":[{"taxonomy":"category","embeddable":true,"href":"https:\/\/www.messinaoggi.it\/website\/wp-json\/wp\/v2\/categories?post=245028"},{"taxonomy":"post_tag","embeddable":true,"href":"https:\/\/www.messinaoggi.it\/website\/wp-json\/wp\/v2\/tags?post=245028"}],"curies":[{"name":"wp","href":"https:\/\/api.w.org\/{rel}","templated":true}]}}