{"id":244971,"date":"2025-07-08T19:09:26","date_gmt":"2025-07-08T17:09:26","guid":{"rendered":"https:\/\/www.messinaoggi.it\/website\/2025\/07\/08\/crosetto-rafforzare-la-cooperazione-europea-in-ambito-aerospaziale\/"},"modified":"2025-07-08T19:09:26","modified_gmt":"2025-07-08T17:09:26","slug":"crosetto-rafforzare-la-cooperazione-europea-in-ambito-aerospaziale","status":"publish","type":"post","link":"https:\/\/www.messinaoggi.it\/website\/2025\/07\/08\/crosetto-rafforzare-la-cooperazione-europea-in-ambito-aerospaziale\/","title":{"rendered":"Crosetto \u201cRafforzare la cooperazione europea in ambito aerospaziale\u201d"},"content":{"rendered":"<div>ROMA (ITALPRESS) &#8211;<em> &#8220;Questa mattina ho ricevuto il Direttore Generale dell&#8217;Esa, Josef Aschbacher, al quale ho ribadito il forte impegno dell&#8217;Italia nel rafforzare la cooperazione europea in ambito aerospaziale. Nell&#8217;occasione ho sottolineato la necessit\u00e0 di investire in questo settore, oggi in forte crescita &#8211; come gi\u00e0 stanno facendo molti altri Paesi &#8211; che ha importanti risvolti, soprattutto in termini di ricerca e sviluppo, in ambito civile, difesa e ambientale&#8221;<\/em>. Cos\u00ec su X il ministro della Difesa Guido <strong>Crosetto.<\/strong><div id=\"div-gpt-ad-Messinaoggi.it-DSK-300x250-corpoart\" style=\"text-align:center;margin:0 auto;\"><\/div><\/p>\n<p><em>&#8220;Ho voluto sottolineare che l&#8217;Italia non solo partecipa, ma guida con autorevolezza il settore spaziale: siamo tra i pochi Paesi al mondo a disporre di una filiera aerospaziale completa &#8211; dai lanciatori ai moduli orbitanti, passando per satelliti e sensori &#8211; confermandoci tra i 7-10 Paesi spaziali globali e il 4\u00b0 in Europa per fatturato nel settore<\/em> &#8211; prosegue -. <em>Programmi come COSMO-SkyMed, IRIDE, Galileo, oltre allo sviluppo della &#8216;Space Factory 4.0&#8217; in hub come Roma, Bari e Torino dimostrano come l&#8217;Italia combini ricerca, innovazione e produzione avanzata, consolidando una lunga catena del valore con oltre 500 imprese tra grandi gruppi, PMI e start-up negli ambiti satelliti, propulsion, avionica e produzione digitale. Un&#8217;azione mirata per rafforzare la sinergia tra ESA, ASI, Difesa e industria nazionale nell&#8217;ambito di progetti duali \u00e8 quindi fondamentale: solo cos\u00ec possiamo sostenere la competitivit\u00e0 delle nostre eccellenze tecnologiche a livello europeo e globale&#8221;.<\/em><div id=\"videoincontent\" style=\"clear:both\";><\/div><\/p>\n<p><em>&#8220;Lo spazio \u00e8 un dominio strategico in cui l&#8217;Italia e l&#8217;Europa devono affermarsi con maggiore forza, autonomia e indipendenza&#8221;,<\/em> sottolinea Crosetto.<\/p>\n<p>&#8211; Foto IPA Agency &#8211;<\/p>\n<p>(ITALPRESS).<\/p><\/div>\n","protected":false},"excerpt":{"rendered":"<p>ROMA (ITALPRESS) &#8211; &#8220;Questa mattina ho ricevuto il Direttore Generale dell&#8217;Esa, Josef Aschbacher, al quale ho ribadito il forte impegno dell&#8217;Italia nel rafforzare la cooperazione europea in ambito aerospaziale. Nell&#8217;occasione ho sottolineato la necessit\u00e0 di investire in questo settore, oggi in forte crescita &#8211; come gi\u00e0 stanno facendo molti altri Paesi &#8211; che ha importanti [&hellip;]<\/p>\n","protected":false},"author":18,"featured_media":244972,"comment_status":"closed","ping_status":"closed","sticky":false,"template":"","format":"standard","meta":{"ub_ctt_via":"","_mi_skip_tracking":false},"categories":[446],"tags":[783],"featured_image_src":"https:\/\/www.messinaoggi.it\/website\/wp-content\/uploads\/2025\/07\/20250708_1079.jpg","author_info":{"display_name":"Admin","author_link":"https:\/\/www.messinaoggi.it\/website\/author\/admin\/"},"digistream_id":0,"digistream":false,"_links":{"self":[{"href":"https:\/\/www.messinaoggi.it\/website\/wp-json\/wp\/v2\/posts\/244971"}],"collection":[{"href":"https:\/\/www.messinaoggi.it\/website\/wp-json\/wp\/v2\/posts"}],"about":[{"href":"https:\/\/www.messinaoggi.it\/website\/wp-json\/wp\/v2\/types\/post"}],"author":[{"embeddable":true,"href":"https:\/\/www.messinaoggi.it\/website\/wp-json\/wp\/v2\/users\/18"}],"replies":[{"embeddable":true,"href":"https:\/\/www.messinaoggi.it\/website\/wp-json\/wp\/v2\/comments?post=244971"}],"version-history":[{"count":0,"href":"https:\/\/www.messinaoggi.it\/website\/wp-json\/wp\/v2\/posts\/244971\/revisions"}],"wp:featuredmedia":[{"embeddable":true,"href":"https:\/\/www.messinaoggi.it\/website\/wp-json\/wp\/v2\/media\/244972"}],"wp:attachment":[{"href":"https:\/\/www.messinaoggi.it\/website\/wp-json\/wp\/v2\/media?parent=244971"}],"wp:term":[{"taxonomy":"category","embeddable":true,"href":"https:\/\/www.messinaoggi.it\/website\/wp-json\/wp\/v2\/categories?post=244971"},{"taxonomy":"post_tag","embeddable":true,"href":"https:\/\/www.messinaoggi.it\/website\/wp-json\/wp\/v2\/tags?post=244971"}],"curies":[{"name":"wp","href":"https:\/\/api.w.org\/{rel}","templated":true}]}}