{"id":244967,"date":"2025-07-08T19:09:23","date_gmt":"2025-07-08T17:09:23","guid":{"rendered":"https:\/\/www.messinaoggi.it\/website\/2025\/07\/08\/spazio-urso-incontra-dg-esa-aschbacher-italia-protagonista\/"},"modified":"2025-07-08T19:09:23","modified_gmt":"2025-07-08T17:09:23","slug":"spazio-urso-incontra-dg-esa-aschbacher-italia-protagonista","status":"publish","type":"post","link":"https:\/\/www.messinaoggi.it\/website\/2025\/07\/08\/spazio-urso-incontra-dg-esa-aschbacher-italia-protagonista\/","title":{"rendered":"Spazio, Urso incontra dg Esa Aschbacher \u201cItalia protagonista\u201d"},"content":{"rendered":"<div>ROMA (ITALPRESS) &#8211; Il <strong>ministro delle Imprese e del Made in Italy e Autorit\u00e0 delegata per le Politiche Spaziali e Aerospaziali, Adolfo Urso,<\/strong> ha incontrato a Palazzo Piacentini il<strong> direttore generale dell&#8217;Agenzia Spaziale Europea (ESA), Josef Aschbacher.<\/strong> Presente all&#8217;incontro anche il p<strong>residente dell&#8217;Agenzia Spaziale Italiana, Teodoro Valente.<\/strong> Al centro del confronto, la<strong> prossima ministeriale dell&#8217;ESA in programma il prossimo 26 e 27 novembre a Brema<\/strong> &#8211; passaggio strategico per la definizione delle priorit\u00e0 dell&#8217;Europa nello Spazio &#8211; e il possibile ruolo dell&#8217;Italia come Paese Chairman del Consiglio Ministeriale.<div id=\"div-gpt-ad-Messinaoggi.it-DSK-300x250-corpoart\" style=\"text-align:center;margin:0 auto;\"><\/div><\/p>\n<p>L&#8217;Italia si conferma protagonista in Europa anche nel settore dello Spazio, pronta a garantire il massimo impegno nella preparazione di una conferenza efficace e inclusiva e avviando fin da subito un dialogo costante con gli altri Stati membri e con la Direzione dell&#8217;ESA, con l&#8217;obiettivo di rafforzare la governance e l&#8217;efficienza dell&#8217;Agenzia.<div id=\"videoincontent\" style=\"clear:both\";><\/div><\/p>\n<p>Tra i temi affrontati nel colloquio odierno anche il livello complessivo dell&#8217;impegno finanziario previsto per la Ministeriale 2025 (CM25), stimato in circa<strong> 23 miliardi di euro:<\/strong> una cifra che richieder\u00e0 un&#8217;attenta valutazione in termini di sostenibilit\u00e0 complessiva. Ribadita inoltre l&#8217;importanza dell&#8217;esplorazione spaziale come ambito strategico, in cui la cooperazione internazionale riveste un ruolo centrale. In questo contesto, sono state accolte con favore le recenti novit\u00e0 provenienti da Washington, che prefigurano un rinnovato impegno della NASA nei programmi ESA.<\/p>\n<p>Il Ministro Urso ha infine informato il Direttore Generale Aschbacher del colloquio avuto nei giorni scorsi con il nuovo Ministro tedesco per lo Spazio, Dorothee B\u00e0r, durante il quale si \u00e8 condivisa l&#8217;opportunit\u00e0 di proseguire il dialogo bilaterale sui temi del rapporto con l&#8217;ESA e della prossima Ministeriale di Brema. A tal proposito, Urso ha annunciato una sua visita ufficiale a Berlino il 21 luglio prossimo.<\/p>\n<p>-Foto ufficio stampa Ministero delle Imprese e del Made in Italy-<\/p>\n<p>(ITALPRESS).<\/p><\/div>\n","protected":false},"excerpt":{"rendered":"<p>ROMA (ITALPRESS) &#8211; Il ministro delle Imprese e del Made in Italy e Autorit\u00e0 delegata per le Politiche Spaziali e Aerospaziali, Adolfo Urso, ha incontrato a Palazzo Piacentini il direttore generale dell&#8217;Agenzia Spaziale Europea (ESA), Josef Aschbacher. Presente all&#8217;incontro anche il presidente dell&#8217;Agenzia Spaziale Italiana, Teodoro Valente. Al centro del confronto, la prossima ministeriale dell&#8217;ESA [&hellip;]<\/p>\n","protected":false},"author":18,"featured_media":244968,"comment_status":"closed","ping_status":"closed","sticky":false,"template":"","format":"standard","meta":{"ub_ctt_via":"","_mi_skip_tracking":false},"categories":[446],"tags":[783],"featured_image_src":"https:\/\/www.messinaoggi.it\/website\/wp-content\/uploads\/2025\/07\/20250708_1041.jpg","author_info":{"display_name":"Admin","author_link":"https:\/\/www.messinaoggi.it\/website\/author\/admin\/"},"digistream_id":0,"digistream":false,"_links":{"self":[{"href":"https:\/\/www.messinaoggi.it\/website\/wp-json\/wp\/v2\/posts\/244967"}],"collection":[{"href":"https:\/\/www.messinaoggi.it\/website\/wp-json\/wp\/v2\/posts"}],"about":[{"href":"https:\/\/www.messinaoggi.it\/website\/wp-json\/wp\/v2\/types\/post"}],"author":[{"embeddable":true,"href":"https:\/\/www.messinaoggi.it\/website\/wp-json\/wp\/v2\/users\/18"}],"replies":[{"embeddable":true,"href":"https:\/\/www.messinaoggi.it\/website\/wp-json\/wp\/v2\/comments?post=244967"}],"version-history":[{"count":0,"href":"https:\/\/www.messinaoggi.it\/website\/wp-json\/wp\/v2\/posts\/244967\/revisions"}],"wp:featuredmedia":[{"embeddable":true,"href":"https:\/\/www.messinaoggi.it\/website\/wp-json\/wp\/v2\/media\/244968"}],"wp:attachment":[{"href":"https:\/\/www.messinaoggi.it\/website\/wp-json\/wp\/v2\/media?parent=244967"}],"wp:term":[{"taxonomy":"category","embeddable":true,"href":"https:\/\/www.messinaoggi.it\/website\/wp-json\/wp\/v2\/categories?post=244967"},{"taxonomy":"post_tag","embeddable":true,"href":"https:\/\/www.messinaoggi.it\/website\/wp-json\/wp\/v2\/tags?post=244967"}],"curies":[{"name":"wp","href":"https:\/\/api.w.org\/{rel}","templated":true}]}}