{"id":244910,"date":"2025-07-07T18:34:24","date_gmt":"2025-07-07T16:34:24","guid":{"rendered":"https:\/\/www.messinaoggi.it\/website\/2025\/07\/07\/palermo-festino-di-santa-rosalia-401-dedicato-alla-bellezza-lorefice-invito-a-scuotere-le-coscienze\/"},"modified":"2025-07-07T18:34:24","modified_gmt":"2025-07-07T16:34:24","slug":"palermo-festino-di-santa-rosalia-401-dedicato-alla-bellezza-lorefice-invito-a-scuotere-le-coscienze","status":"publish","type":"post","link":"https:\/\/www.messinaoggi.it\/website\/2025\/07\/07\/palermo-festino-di-santa-rosalia-401-dedicato-alla-bellezza-lorefice-invito-a-scuotere-le-coscienze\/","title":{"rendered":"Palermo, Festino di Santa Rosalia 401 dedicato alla bellezza. Lorefice \u201cInvito a scuotere le coscienze\u201d"},"content":{"rendered":"<div>\n<p>PALERMO (ITALPRESS) \u2013 <strong>La \u201cBellezza\u201d \u00e8 il tema del 400+1 Festino di Santa Rosalia<\/strong>. Un festeggiamento che intreccia, come di consueto, il programma religioso della Curia con i festeggiamenti organizzati dal Comune di Palermo per i palermitani e i numerosi turisti attesi nelle prossime ore. Il programma \u00e8 stato illustrato stamane nel corso della conferenza stampa nel salone Lavitrano del Palazzo Arcivescovile alla presenza, tra gli altri, dell\u2019arcivescovo di Palermo, monsignor Corrado Lorefice, del sindaco Roberto Lagalla, del vicesindaco e assessore alla Cultura Giampiero Cannella.<div id=\"div-gpt-ad-Messinaoggi.it-DSK-300x250-corpoart\" style=\"text-align:center;margin:0 auto;\"><\/div><\/p>\n<p>E quest\u2019anno il Festino proporr\u00e0 un racconto inedito su Rosalia che si snoda in cinque tappe e avvolger\u00e0 il Cassaro in un racconto fatto di musica, canti, luci. Sar\u00e0 inoltre \u201cCrossmediale\u201d, pensato come un viaggio narrativo e sensoriale, fatto di parole, musica e videomapping, un racconto che si svolge in alto, visibile per tutti, che rinnova la tradizione non negandola, ma riscrivendola con linguaggi contemporanei. \u00c8 un omaggio a tutti quegli artisti che, nei secoli, hanno fatto di Palermo un\u2019opera vivente, e alla bellezza come gesto che salva. Ogni tappa \u00e8 infatti ispirata da un\u2019opera d\u2019arte legata a Palermo.<div id=\"videoincontent\" style=\"clear:both\";><\/div><\/p>\n<p>Protagonista di questo viaggio sar\u00e0 Palermo stessa. Un carro-teatro si affiancher\u00e0 al carro trionfale, rappresentando la citt\u00e0 in preda al disordine dettato dalla paura della peste. Qui si muoveranno gli acrobati del Circ\u2019Opificio e le danzatrici di Pantarte. Ci sar\u00e0 comunque tempo per una tappa bonus, a Palazzo Riso, che vuole essere un regalo e una sorpresa per i Palermitani. Un attore, Vincenzo Ferrera, una musicista, Giulia Tagliavia, e un pittore, Francesco de Grandi, metteranno la loro arte al servizio del Genio di Palermo. I Quattro Canti, con la musica di Serena Ganci e Fabrizio Cammarata, segneranno il trionfo di Santa Rosalia, e con essa dell\u2019arte barocca ed eternamente effimera del Festino. L\u2019urlo \u201cViva Palermo e Santa Rosalia\u201d celebrer\u00e0 il rinnovarsi del patto che lega la citt\u00e0 alla sua Santa, dando una nuova forma al carro-teatro e una ritrovata coesione e una direzione ai suoi abitanti. Porta Felice sar\u00e0 il luogo che celebra l\u2019aspirazione all\u2019eternit\u00e0 del rapporto fra Rosalia e la sua gente, con una performance corale dell\u2019intero cast del Festino con l\u2019aggiunta di Sabrina Petyx. E come tradizione vuole si terminer\u00e0 con l\u2019attraversamento di Porta Felice e con i giochi piro-musicali.<\/p>\n<p><em>\u201cDopo lo straordinario spettacolo dello scorso anno<\/em> \u2013 ha detto Lagalla \u2013<em>, grazie a cui il Festino di Santa Rosalia \u00e8 stato premiato al BEA WORLD GRAND PRIX 2024 come terzo evento al mondo e ha attratto oltre 350 mila visitatori, abbiamo deciso di offrire alla Citt\u00e0 uno spettacolo innovativo, realizzato con tecnologie digitali all\u2019avanguardia, all\u2019altezza di un evento divenuto di interesse internazionale\u201d<\/em>. Un obiettivo raggiunto grazie anche al lavoro di promozione portato avanti negli ultimi mesi con il tour della mostra sul Festino, che ha gi\u00e0 fatto tappa a Pechino e a Malta e proseguir\u00e0 con Londra, Washington e nel 2026 potrebbe anche sbarcare in Giappone con le immagini vincitrici del nuovo Concorso. \u201c<em>Ringrazio la Curia di Palermo e l\u2019Arcivescovo Lorefice<\/em> \u2013 ha proseguito il primo cittadino \u2013<em>,per la condivisione del messaggio di bellezza e speranza che anche quest\u2019anno vuole trasmettere il Festino alla comunit\u00e0, il Prefetto Mariani e il Comitato di Ordine e sicurezza, le societ\u00e0 partecipate del Comune per il supporto nella realizzazione della manifestazione e tutte le associazioni di Protezioni civile e di volontariato che saranno al lavoro per garantire lo svolgimento in sicurezza degli spettacoli\u201d.<\/em><\/p>\n<p><em>\u201cLa bellezza la citt\u00e0 non la recupera se non ritorniamo a coltivarla dentro<\/em> \u2013 ha esordito Loredifce -. <em>Credo che il primo messaggio che non dobbiamo dimenticare di Rosalia \u00e8 che non ci pu\u00f2 essere bellezza nella citt\u00e0 se ognuno non ritrova dentro la ricerca del bello. Dobbiamo ritornare a dare spessore alle nostre coscienze umane, tutti, ognuno per quella che \u00e8 la responsabilit\u00e0 che ha all\u2019interno della citt\u00e0. Ma il messaggio pi\u00f9 vero credo sia questo, a tutti Rosalia dice \u2018non possiamo avere una citt\u00e0 bella se tutti non ci rimettiamo in rotta nella ricerca del bello\u2019, per questo ci vuole una grande coscienza, una coscienza civile. Per me credo che il messaggio di quest\u2019anno sia proprio questo: scuotere le coscienze. Rosalia \u00e8 una bella donna che contribuisce a rendere bella la citt\u00e0, la libera dal male, ma perch\u00e9 lei resta bella dentro. Questo \u00e8 il grande messaggio e la sfida che ci fa Rosalia\u201d<\/em>, ha concluso.<\/p>\n<p>Quest\u2019anno il Festino coinvolger\u00e0 lo spettatore in un viaggio inedito di bellezza che, per la prima volta, far\u00e0<em> \u201cuna tappa aggiuntiva di fronte Palazzo Riso<\/em> \u2013 ha sottolineato Cannella -. <em>Sono stati coinvolti attori di caratura internazionale ma, soprattutto, con grande orgoglio, imprese e artisti del territorio affermati a livello nazionale. Lo spettacolo narra, attraverso la storia di Rosalia, la capacit\u00e0 di Palermo di essere citt\u00e0 in continuo mutamento che si nutre delle ferite trasformandole in forza e le difficolt\u00e0 in nuova energia, alimentando una bellezza viva e fertile. Lo strumento di narrazione sar\u00e0 la luce che, grazie alla incredibile capacit\u00e0 di rappresentazione, libera dall\u2019oscurit\u00e0 restituendo ordine, speranza e belleza. Inoltre, a partire da domani, avr\u00e0 inizio un calendario di eventi che ci accompagner\u00e0 alla notte del 14 luglio, attraverso iniziative itineranti dei quartieri della citt\u00e0, dal centro alle periferie, per raccontare Rosalia attraverso l\u2019arte, la poesia, la musica e la danza. Infine, tengo a ringraziare il Centro Sperimentale di Cinematografia che ci affiancher\u00e0 nelle riprese del backstage del Festino per raccontare il grande lavoro dei creativi, degli artisti e delle maestranze che permettono la realizzazione dell\u2019evento\u201d<\/em>.<\/p>\n<p>\u2013 foto col3\/Italpress \u2013<\/p>\n<p>(ITALPRESS).<\/p>\n<\/div>\n","protected":false},"excerpt":{"rendered":"<p>PALERMO (ITALPRESS) \u2013 La \u201cBellezza\u201d \u00e8 il tema del 400+1 Festino di Santa Rosalia. Un festeggiamento che intreccia, come di consueto, il programma religioso della Curia con i festeggiamenti organizzati dal Comune di Palermo per i palermitani e i numerosi turisti attesi nelle prossime ore. Il programma \u00e8 stato illustrato stamane nel corso della conferenza [&hellip;]<\/p>\n","protected":false},"author":18,"featured_media":244911,"comment_status":"closed","ping_status":"closed","sticky":false,"template":"","format":"standard","meta":{"ub_ctt_via":"","_mi_skip_tracking":false},"categories":[2449],"tags":[783],"featured_image_src":"https:\/\/www.messinaoggi.it\/website\/wp-content\/uploads\/2025\/07\/Festino-1.jpg","author_info":{"display_name":"Admin","author_link":"https:\/\/www.messinaoggi.it\/website\/author\/admin\/"},"digistream_id":0,"digistream":false,"_links":{"self":[{"href":"https:\/\/www.messinaoggi.it\/website\/wp-json\/wp\/v2\/posts\/244910"}],"collection":[{"href":"https:\/\/www.messinaoggi.it\/website\/wp-json\/wp\/v2\/posts"}],"about":[{"href":"https:\/\/www.messinaoggi.it\/website\/wp-json\/wp\/v2\/types\/post"}],"author":[{"embeddable":true,"href":"https:\/\/www.messinaoggi.it\/website\/wp-json\/wp\/v2\/users\/18"}],"replies":[{"embeddable":true,"href":"https:\/\/www.messinaoggi.it\/website\/wp-json\/wp\/v2\/comments?post=244910"}],"version-history":[{"count":0,"href":"https:\/\/www.messinaoggi.it\/website\/wp-json\/wp\/v2\/posts\/244910\/revisions"}],"wp:featuredmedia":[{"embeddable":true,"href":"https:\/\/www.messinaoggi.it\/website\/wp-json\/wp\/v2\/media\/244911"}],"wp:attachment":[{"href":"https:\/\/www.messinaoggi.it\/website\/wp-json\/wp\/v2\/media?parent=244910"}],"wp:term":[{"taxonomy":"category","embeddable":true,"href":"https:\/\/www.messinaoggi.it\/website\/wp-json\/wp\/v2\/categories?post=244910"},{"taxonomy":"post_tag","embeddable":true,"href":"https:\/\/www.messinaoggi.it\/website\/wp-json\/wp\/v2\/tags?post=244910"}],"curies":[{"name":"wp","href":"https:\/\/api.w.org\/{rel}","templated":true}]}}