{"id":244898,"date":"2025-07-07T16:09:31","date_gmt":"2025-07-07T14:09:31","guid":{"rendered":"https:\/\/www.messinaoggi.it\/website\/2025\/07\/07\/allegri-al-via-nuova-avventura-obiettivo-tornare-in-champions\/"},"modified":"2025-07-07T16:09:31","modified_gmt":"2025-07-07T14:09:31","slug":"allegri-al-via-nuova-avventura-obiettivo-tornare-in-champions","status":"publish","type":"post","link":"https:\/\/www.messinaoggi.it\/website\/2025\/07\/07\/allegri-al-via-nuova-avventura-obiettivo-tornare-in-champions\/","title":{"rendered":"Allegri \u201cAl via nuova avventura, obiettivo tornare in Champions\u201d"},"content":{"rendered":"<div>MILANO (ITALPRESS) &#8211; Un ritorno al passato, con lo sguardo rivolto al futuro. E&#8217; stato presentato oggi Massimiliano Allegri, il nuovo tecnico del Milan ha subito tracciato la strada da percorrere in vista della stagione 2025-2026: &#8220;Iniziamo oggi questa avventura dove cercheremo di toglierci delle grandi soddisfazioni. Abbiamo subito iniziato a lavorare col direttore Tare e con la societ\u00e0 &#8211; ha dichiarato -, per ottenere risultati alla fine della stagione dobbiamo essere un blocco unico, con la responsabilit\u00e0 che dobbiamo avere davanti a un club importante come il Milan&#8221;. Allegri, gi\u00e0 sulla panchina rossonera dal 2010 al 2014, ha spiegato le motivazioni della propria scelta: &#8220;Innanzitutto perch\u00e8 il Milan \u00e8 un club a cui sono molto affezionato. Quando mi \u00e8 arrivata la telefonata di Tare e Furlani li ho incontrati subito: ero molto entusiasta e in un&#8217;ora abbiamo deciso che avremo cominciato questa avventura insieme. Sono molto contento della scelta che ho fatto&#8221;. <br \/>Il primo obiettivo sar\u00e0 quello di riportare il Milan in Champions League: &#8220;Credo che bisogna iniziare la stagione con grande entusiasmo, con grande senso di responsabilit\u00e0 ed essere a marzo in una buona posizione. Il primo obiettivo? Il Milan \u00e8 una squadra di livello mondiale, credo che debba tornare a giocare la Champions League, a marzo bisogna essere in quelle posizioni perch\u00e8 poi si decide la stagione&#8221;. Allegri ha poi aggiunto: &#8220;In questo momento non serve a niente dire vinceremo il campionato, bisogna essere responsabili, professionali e concreti&#8221;.<br \/>Quel blocco unico ripartir\u00e0 dall&#8217;attuale rosa &#8211; &#8220;un&#8217;ottima rosa&#8221;, come l&#8217;ha definita Allegri -, ma soprattutto da Mike Maignan e Rafael Leao: &#8220;Stamattina ho visto Maignan, sono molto contento che ha fatto questa scelta di rimanere. E&#8217; il capitano della squadra, un giocatore internazionale, uno dei migliori portieri d&#8217;Europa. Brava la societ\u00e0 che l&#8217;ha convinto a rimanere. Leao \u00e8 un giocatore straordinario, sicuramente quest&#8217;anno far\u00e0 una grande stagione&#8221;. <br \/>Il nuovo tecnico del Milan non ha voluto parlare di mercato, ma soltanto delle questioni legate al campo: &#8220;Oggi ne ho 25 di movimento e sono molto contento. Le cose vanno fatte piano e piano e fatte bene. Il 17 agosto c&#8217;\u00e8 la prima partita di Coppa Italia (a San Siro contro il Bari, ndr). Una partita da dentro o fuori che ci servir\u00e0 a prepararci al campionato&#8221;. <br \/>Presente durante la conferenza anche il direttore sportivo Igli Tare: &#8220;Ringrazio Allegri e il suo staff per l&#8217;entusiasmo che hanno portato, il suo arrivo al Milan \u00e8 stato da subito condiviso con la societ\u00e0, in lui abbiamo visto una mentalit\u00e0 vincente per questa squadra&#8221;.<br \/>(ITALPRESS).<\/div>\n<div id=\"div-gpt-ad-Messinaoggi.it-DSK-300x250-corpoart\" style=\"text-align:center;margin:0 auto;\"><\/div><\/p><div id=\"videoincontent\" style=\"clear:both\";><\/div>","protected":false},"excerpt":{"rendered":"<p>MILANO (ITALPRESS) &#8211; Un ritorno al passato, con lo sguardo rivolto al futuro. E&#8217; stato presentato oggi Massimiliano Allegri, il nuovo tecnico del Milan ha subito tracciato la strada da percorrere in vista della stagione 2025-2026: &#8220;Iniziamo oggi questa avventura dove cercheremo di toglierci delle grandi soddisfazioni. Abbiamo subito iniziato a lavorare col direttore Tare [&hellip;]<\/p>\n","protected":false},"author":18,"featured_media":244899,"comment_status":"closed","ping_status":"closed","sticky":false,"template":"","format":"standard","meta":{"ub_ctt_via":"","_mi_skip_tracking":false},"categories":[446],"tags":[783],"featured_image_src":"https:\/\/www.messinaoggi.it\/website\/wp-content\/uploads\/2025\/07\/20250707_0884.jpg","author_info":{"display_name":"Admin","author_link":"https:\/\/www.messinaoggi.it\/website\/author\/admin\/"},"digistream_id":0,"digistream":false,"_links":{"self":[{"href":"https:\/\/www.messinaoggi.it\/website\/wp-json\/wp\/v2\/posts\/244898"}],"collection":[{"href":"https:\/\/www.messinaoggi.it\/website\/wp-json\/wp\/v2\/posts"}],"about":[{"href":"https:\/\/www.messinaoggi.it\/website\/wp-json\/wp\/v2\/types\/post"}],"author":[{"embeddable":true,"href":"https:\/\/www.messinaoggi.it\/website\/wp-json\/wp\/v2\/users\/18"}],"replies":[{"embeddable":true,"href":"https:\/\/www.messinaoggi.it\/website\/wp-json\/wp\/v2\/comments?post=244898"}],"version-history":[{"count":0,"href":"https:\/\/www.messinaoggi.it\/website\/wp-json\/wp\/v2\/posts\/244898\/revisions"}],"wp:featuredmedia":[{"embeddable":true,"href":"https:\/\/www.messinaoggi.it\/website\/wp-json\/wp\/v2\/media\/244899"}],"wp:attachment":[{"href":"https:\/\/www.messinaoggi.it\/website\/wp-json\/wp\/v2\/media?parent=244898"}],"wp:term":[{"taxonomy":"category","embeddable":true,"href":"https:\/\/www.messinaoggi.it\/website\/wp-json\/wp\/v2\/categories?post=244898"},{"taxonomy":"post_tag","embeddable":true,"href":"https:\/\/www.messinaoggi.it\/website\/wp-json\/wp\/v2\/tags?post=244898"}],"curies":[{"name":"wp","href":"https:\/\/api.w.org\/{rel}","templated":true}]}}