{"id":244869,"date":"2025-07-07T12:42:45","date_gmt":"2025-07-07T10:42:45","guid":{"rendered":"http:\/\/www.messinaoggi.it\/website\/?p=244869"},"modified":"2025-07-07T12:42:48","modified_gmt":"2025-07-07T10:42:48","slug":"padre-nostro-padre-di-tutti-evento-solidale-a-paradiso","status":"publish","type":"post","link":"https:\/\/www.messinaoggi.it\/website\/2025\/07\/07\/padre-nostro-padre-di-tutti-evento-solidale-a-paradiso\/","title":{"rendered":"&#8220;Padre Nostro&#8230;Padre di tutti&#8221;: evento solidale a Paradiso"},"content":{"rendered":"\n<p>Per dare spazio al cuore, alla generosit\u00e0, alla sensibilit\u00e0 di ciascuno, il Gruppo \u201cPadre nostro \u2026 Padre di tutti\u201d, unitamente alla parrocchia \u201cCuore Immacolato di Maria\u201d \u2013 Paradiso, in una serata estiva particolarmente calda, ha scelto di abbandonare i confort di casa per vivere insieme una serata speciale all\u2019insegna della gioia, della serenit\u00e0, della fraternit\u00e0, dell\u2019inclusivit\u00e0 e della solidariet\u00e0 presso un noto locale messinese della Riviera Nord. Radunati attorno alla mensa, \u201csotto le stelle\u201d, si sono consumati patatine, rustici e un dessert: opportunit\u00e0 per trascorrere in armonia qualche oretta nella frescura, fronte mare, sullo sfondo della meravigliosa costa calabra. Le offerte raccolte in questa serata solidale verranno utilizzate per acquistare dei beni alimentari di prima necessit\u00e0 per le famiglie indigenti \u201cadottate\u201d mensilmente dal Gruppo. Lo stato di disagio di parecchi nuclei familiari \u00e8 infatti una realt\u00e0 in crescita negli ultimi anni, sia per il carovita, sia per la precariet\u00e0 del lavoro, per cui tante parrocchie, associazioni, Gruppi, movimenti cercano di andare incontro alle esigenze essenziali espresse e verificate, per offrire un piccolo aiuto ai capifamiglia e condurre cos\u00ec una vita maggiormente dignitosa.\u00a0 Sicuramente una busta di alimenti non risolver\u00e0 i loro problemi, ma sar\u00e0 un segno importante di vicinanza e condivisione, un piccolo, semplice gesto d\u2019amore che giunge alle \u201cperiferie esistenziali\u201d, che favorisce un contatto, un sostegno materiale, ma spesso anche spirituale; \u00e8 un \u201ceccoci\u201d che suscita gratitudine, confidenza, speranza e che garantisce una presenza nel \u201cportare i pesi gli uni degli altri\u201d.\u00a0 \u00c8 un gesto di sostegno dal quale pu\u00f2 nascere un cambiamento fino a giungere ad una lenta e graduale autonomia, anche attraverso altre fonti legali di sostentamento, un lavoro che certamente apre altre strade, offre nuove opportunit\u00e0, una maggiore serenit\u00e0 e la piena realizzazione della persona.<div id=\"div-gpt-ad-Messinaoggi.it-DSK-300x250-corpoart\" style=\"text-align:center;margin:0 auto;\"><\/div><\/p>\n<div id=\"videoincontent\" style=\"clear:both\";><\/div>","protected":false},"excerpt":{"rendered":"<p>Per dare spazio al cuore, alla generosit\u00e0, alla sensibilit\u00e0 di ciascuno, il Gruppo \u201cPadre nostro \u2026 Padre di tutti\u201d, unitamente alla parrocchia \u201cCuore Immacolato di Maria\u201d \u2013 Paradiso, in una serata estiva particolarmente calda, ha scelto di abbandonare i confort di casa per vivere insieme una serata speciale all\u2019insegna della gioia, della serenit\u00e0, della fraternit\u00e0, [&hellip;]<\/p>\n","protected":false},"author":2,"featured_media":244870,"comment_status":"open","ping_status":"open","sticky":false,"template":"","format":"standard","meta":{"ub_ctt_via":"","_mi_skip_tracking":false},"categories":[5],"tags":[],"featured_image_src":"https:\/\/www.messinaoggi.it\/website\/wp-content\/uploads\/2025\/07\/Foto-cena-solidale-2.jpg","author_info":{"display_name":"Redazione","author_link":"https:\/\/www.messinaoggi.it\/website\/author\/redazione\/"},"digistream_id":0,"digistream":false,"_links":{"self":[{"href":"https:\/\/www.messinaoggi.it\/website\/wp-json\/wp\/v2\/posts\/244869"}],"collection":[{"href":"https:\/\/www.messinaoggi.it\/website\/wp-json\/wp\/v2\/posts"}],"about":[{"href":"https:\/\/www.messinaoggi.it\/website\/wp-json\/wp\/v2\/types\/post"}],"author":[{"embeddable":true,"href":"https:\/\/www.messinaoggi.it\/website\/wp-json\/wp\/v2\/users\/2"}],"replies":[{"embeddable":true,"href":"https:\/\/www.messinaoggi.it\/website\/wp-json\/wp\/v2\/comments?post=244869"}],"version-history":[{"count":1,"href":"https:\/\/www.messinaoggi.it\/website\/wp-json\/wp\/v2\/posts\/244869\/revisions"}],"predecessor-version":[{"id":244871,"href":"https:\/\/www.messinaoggi.it\/website\/wp-json\/wp\/v2\/posts\/244869\/revisions\/244871"}],"wp:featuredmedia":[{"embeddable":true,"href":"https:\/\/www.messinaoggi.it\/website\/wp-json\/wp\/v2\/media\/244870"}],"wp:attachment":[{"href":"https:\/\/www.messinaoggi.it\/website\/wp-json\/wp\/v2\/media?parent=244869"}],"wp:term":[{"taxonomy":"category","embeddable":true,"href":"https:\/\/www.messinaoggi.it\/website\/wp-json\/wp\/v2\/categories?post=244869"},{"taxonomy":"post_tag","embeddable":true,"href":"https:\/\/www.messinaoggi.it\/website\/wp-json\/wp\/v2\/tags?post=244869"}],"curies":[{"name":"wp","href":"https:\/\/api.w.org\/{rel}","templated":true}]}}