{"id":24470,"date":"2018-09-19T23:11:02","date_gmt":"2018-09-19T21:11:02","guid":{"rendered":"http:\/\/www.messinaoggi.it\/website\/?p=24470"},"modified":"2018-09-19T23:11:02","modified_gmt":"2018-09-19T21:11:02","slug":"risanamento-la-regione-dichiara-lo-stato-di-emergenza-de-luca-ringrazio-musumeci-e-la-giunta","status":"publish","type":"post","link":"https:\/\/www.messinaoggi.it\/website\/2018\/09\/19\/risanamento-la-regione-dichiara-lo-stato-di-emergenza-de-luca-ringrazio-musumeci-e-la-giunta\/","title":{"rendered":"Risanamento, la Regione dichiara lo stato di emergenza. De Luca: &quot;Ringrazio Musumeci e la giunta&quot;"},"content":{"rendered":"<p>&#8220;Mi ha chiamato in questo momento il presidente della regione siciliana on. Nello Musumeci per comunicarmi che la giunta regionale ha approvato all\u2019unanimit\u00e0 la nostra richiesta di dichiarazione dello stato di emergenza socio &#8211; sanitaria ambientale riguardante le zone di risanamento e le baracche di Messina&#8221;.<br \/>\nL&#8217;annuncio lo da su Fb il sindaco di Messina Cateno De Luca che aggiunge: &#8220;Ringrazio di cuore il Presidente Musumeci e la giunta regionale per questo grande gesto di solid<span class=\"text_exposed_show\">ariet\u00e0 e di sostegno per la citt\u00e0 di Messina.\u00a0<\/span>Ora la competenza passa al consiglio dei ministri. In pochi ci credevano ma la nostra caparbiet\u00e0 \u00e8 stata premiata. Andiamo avanti senza se e senza ma&#8221;.<br \/>\nAdesso spetter\u00e0 al governo nazionale dichiarare lo stato di emergenza e il governatore Musumeci sar\u00e0 nominato commissario straordinario. Quindi lo stesso Presidente proceder\u00e0 alla nomina di un soggetto attuatore.<div id=\"div-gpt-ad-Messinaoggi.it-DSK-300x250-corpoart\" style=\"text-align:center;margin:0 auto;\"><\/div><\/p>\n<div id=\"videoincontent\" style=\"clear:both\";><\/div>","protected":false},"excerpt":{"rendered":"<p>&#8220;Mi ha chiamato in questo momento il presidente della regione siciliana on. Nello Musumeci per comunicarmi che la giunta regionale ha approvato all\u2019unanimit\u00e0 la nostra richiesta di dichiarazione dello stato di emergenza socio &#8211; sanitaria ambientale riguardante le zone di risanamento e le baracche di Messina&#8221;. L&#8217;annuncio lo da su Fb il sindaco di Messina [&hellip;]<\/p>\n","protected":false},"author":2,"featured_media":24132,"comment_status":"closed","ping_status":"open","sticky":false,"template":"","format":"standard","meta":{"ub_ctt_via":"","_mi_skip_tracking":false},"categories":[19],"tags":[],"featured_image_src":"https:\/\/www.messinaoggi.it\/website\/wp-content\/uploads\/2018\/09\/de-luca-scurria.jpg","author_info":{"display_name":"Redazione","author_link":"https:\/\/www.messinaoggi.it\/website\/author\/redazione\/"},"digistream_id":0,"digistream":false,"_links":{"self":[{"href":"https:\/\/www.messinaoggi.it\/website\/wp-json\/wp\/v2\/posts\/24470"}],"collection":[{"href":"https:\/\/www.messinaoggi.it\/website\/wp-json\/wp\/v2\/posts"}],"about":[{"href":"https:\/\/www.messinaoggi.it\/website\/wp-json\/wp\/v2\/types\/post"}],"author":[{"embeddable":true,"href":"https:\/\/www.messinaoggi.it\/website\/wp-json\/wp\/v2\/users\/2"}],"replies":[{"embeddable":true,"href":"https:\/\/www.messinaoggi.it\/website\/wp-json\/wp\/v2\/comments?post=24470"}],"version-history":[{"count":0,"href":"https:\/\/www.messinaoggi.it\/website\/wp-json\/wp\/v2\/posts\/24470\/revisions"}],"wp:featuredmedia":[{"embeddable":true,"href":"https:\/\/www.messinaoggi.it\/website\/wp-json\/wp\/v2\/media\/24132"}],"wp:attachment":[{"href":"https:\/\/www.messinaoggi.it\/website\/wp-json\/wp\/v2\/media?parent=24470"}],"wp:term":[{"taxonomy":"category","embeddable":true,"href":"https:\/\/www.messinaoggi.it\/website\/wp-json\/wp\/v2\/categories?post=24470"},{"taxonomy":"post_tag","embeddable":true,"href":"https:\/\/www.messinaoggi.it\/website\/wp-json\/wp\/v2\/tags?post=24470"}],"curies":[{"name":"wp","href":"https:\/\/api.w.org\/{rel}","templated":true}]}}