{"id":24466,"date":"2018-09-19T16:33:25","date_gmt":"2018-09-19T14:33:25","guid":{"rendered":"http:\/\/www.messinaoggi.it\/website\/?p=24466"},"modified":"2018-09-19T16:33:25","modified_gmt":"2018-09-19T14:33:25","slug":"viale-europa-scontro-auto-moto-ferito-20enne","status":"publish","type":"post","link":"https:\/\/www.messinaoggi.it\/website\/2018\/09\/19\/viale-europa-scontro-auto-moto-ferito-20enne\/","title":{"rendered":"Viale Europa: scontro auto-moto. Ferito 20enne"},"content":{"rendered":"<p>\u00c8 di un ferito in condizioni non gravi il bilancio di un incidente verificatosi nel pomeriggio in viale Europa all\u2019incrocio con via Giordano Bruno.<br \/>\nUna Matiz si stava immettendo in via Bruno quando \u00e8 sopraggiunto un Sh condotto da un ventenne.<br \/>\n<img loading=\"lazy\" class=\"alignnone size-medium wp-image-24461\" src=\"http:\/\/www.messinaoggi.it\/website\/wp-content\/uploads\/2018\/09\/F1A4B284-FFA2-4E43-8917-E5CD9469EA7F-300x169.jpeg\" alt=\"\" width=\"300\" height=\"169\" \/><br \/>\nIl centauro \u00e8 stato sbalzato dal mezzo ed \u00e8 finito rivinosamente sull\u2019asfalto. Subita soccorsa la vittima \u00e8 stata accompagnata al Piemonte per gli accertamenti.<br \/>\nSul posto intervenuti anche gli agenti della sezione Infortunistica della Municipale che stanno cercando di ricostruire la dinamica del sinistro.<div id=\"div-gpt-ad-Messinaoggi.it-DSK-300x250-corpoart\" style=\"text-align:center;margin:0 auto;\"><\/div><\/p>\n<div id=\"videoincontent\" style=\"clear:both\";><\/div>","protected":false},"excerpt":{"rendered":"<p>\u00c8 di un ferito in condizioni non gravi il bilancio di un incidente verificatosi nel pomeriggio in viale Europa all\u2019incrocio con via Giordano Bruno. Una Matiz si stava immettendo in via Bruno quando \u00e8 sopraggiunto un Sh condotto da un ventenne. Il centauro \u00e8 stato sbalzato dal mezzo ed \u00e8 finito rivinosamente sull\u2019asfalto. Subita soccorsa [&hellip;]<\/p>\n","protected":false},"author":2,"featured_media":24462,"comment_status":"closed","ping_status":"open","sticky":false,"template":"","format":"standard","meta":{"ub_ctt_via":"","_mi_skip_tracking":false},"categories":[5],"tags":[],"featured_image_src":"https:\/\/www.messinaoggi.it\/website\/wp-content\/uploads\/2018\/09\/CB2F53C0-2ACA-4FED-BD4F-BB484F106247.jpeg","author_info":{"display_name":"Redazione","author_link":"https:\/\/www.messinaoggi.it\/website\/author\/redazione\/"},"digistream_id":0,"digistream":false,"_links":{"self":[{"href":"https:\/\/www.messinaoggi.it\/website\/wp-json\/wp\/v2\/posts\/24466"}],"collection":[{"href":"https:\/\/www.messinaoggi.it\/website\/wp-json\/wp\/v2\/posts"}],"about":[{"href":"https:\/\/www.messinaoggi.it\/website\/wp-json\/wp\/v2\/types\/post"}],"author":[{"embeddable":true,"href":"https:\/\/www.messinaoggi.it\/website\/wp-json\/wp\/v2\/users\/2"}],"replies":[{"embeddable":true,"href":"https:\/\/www.messinaoggi.it\/website\/wp-json\/wp\/v2\/comments?post=24466"}],"version-history":[{"count":0,"href":"https:\/\/www.messinaoggi.it\/website\/wp-json\/wp\/v2\/posts\/24466\/revisions"}],"wp:featuredmedia":[{"embeddable":true,"href":"https:\/\/www.messinaoggi.it\/website\/wp-json\/wp\/v2\/media\/24462"}],"wp:attachment":[{"href":"https:\/\/www.messinaoggi.it\/website\/wp-json\/wp\/v2\/media?parent=24466"}],"wp:term":[{"taxonomy":"category","embeddable":true,"href":"https:\/\/www.messinaoggi.it\/website\/wp-json\/wp\/v2\/categories?post=24466"},{"taxonomy":"post_tag","embeddable":true,"href":"https:\/\/www.messinaoggi.it\/website\/wp-json\/wp\/v2\/tags?post=24466"}],"curies":[{"name":"wp","href":"https:\/\/api.w.org\/{rel}","templated":true}]}}