{"id":24460,"date":"2018-09-19T15:44:14","date_gmt":"2018-09-19T13:44:14","guid":{"rendered":"http:\/\/www.messinaoggi.it\/website\/?p=24460"},"modified":"2018-09-19T15:44:14","modified_gmt":"2018-09-19T13:44:14","slug":"sanita-al-policlinico-via-vullo-e-arriva-laganga-allasp-stop-a-sirna-ce-la-volo","status":"publish","type":"post","link":"https:\/\/www.messinaoggi.it\/website\/2018\/09\/19\/sanita-al-policlinico-via-vullo-e-arriva-laganga-allasp-stop-a-sirna-ce-la-volo\/","title":{"rendered":"Sanit\u00e0, al Policlinico via Vullo e arriva Laganga. All&#039;Asp stop a Sirna: c&#039;\u00e8 la Volo"},"content":{"rendered":"<p style=\"text-align: justify;\">Da ieri sono ufficialmente fuori i manager di Asp e Policlinico. A Gaetano Sirna \u00e8 stato imposto l&#8217;alt da parte del governo regionale per regionale per raggiunti limiti d&#8217;et\u00e0, al suo posto arriver\u00e0 la nissena Giovanna Volo, con passate esperienze al Policlinico prima del suo trasferimento all&#8217;Asp di Palermo.<div id=\"div-gpt-ad-Messinaoggi.it-DSK-300x250-corpoart\" style=\"text-align:center;margin:0 auto;\"><\/div><\/p>\n<p><img loading=\"lazy\" class=\"size-medium wp-image-1948 alignleft\" src=\"http:\/\/www.messinaoggi.it\/website\/wp-content\/uploads\/2017\/06\/Vullo-Michele-1-300x200.jpg\" alt=\"\" width=\"300\" height=\"200\" \/><br \/>\n<img loading=\"lazy\" class=\"size-medium wp-image-2183 alignright\" src=\"http:\/\/www.messinaoggi.it\/website\/wp-content\/uploads\/2017\/06\/commissario-laganga-300x200.jpg\" alt=\"\" width=\"300\" height=\"200\" \/><div id=\"videoincontent\" style=\"clear:both\";><\/div><\/p>\n<p style=\"text-align: justify;\">Al Policlinico, dopo l&#8217;alt imposto a Vullo dal Rettore Salvatore Cuzzocrea, ci sar\u00e0 il giovane Giuseppe Laganga. Si tratta di commissari in attesa delle nomine dei manager le cui selezioni si stanno svolgendo in questi giorni.<\/p>\n<p>Laganga prima dell&#8217;arrivo di Michele Vullo \u00e8 stato gi\u00e0 commissario straordinario della struttura ospedaliera universitaria e attualmente ricopre il ruolo di direttore amministrativo.<\/p>\n","protected":false},"excerpt":{"rendered":"<p>Da ieri sono ufficialmente fuori i manager di Asp e Policlinico. A Gaetano Sirna \u00e8 stato imposto l&#8217;alt da parte del governo regionale per regionale per raggiunti limiti d&#8217;et\u00e0, al suo posto arriver\u00e0 la nissena Giovanna Volo, con passate esperienze al Policlinico prima del suo trasferimento all&#8217;Asp di Palermo. Al Policlinico, dopo l&#8217;alt imposto a [&hellip;]<\/p>\n","protected":false},"author":2,"featured_media":1986,"comment_status":"closed","ping_status":"open","sticky":false,"template":"","format":"standard","meta":{"ub_ctt_via":"","_mi_skip_tracking":false},"categories":[19],"tags":[],"featured_image_src":"https:\/\/www.messinaoggi.it\/website\/wp-content\/uploads\/2017\/06\/Picciolo-Sirna-Vullo-2-e1691069981269.jpg","author_info":{"display_name":"Redazione","author_link":"https:\/\/www.messinaoggi.it\/website\/author\/redazione\/"},"digistream_id":0,"digistream":false,"_links":{"self":[{"href":"https:\/\/www.messinaoggi.it\/website\/wp-json\/wp\/v2\/posts\/24460"}],"collection":[{"href":"https:\/\/www.messinaoggi.it\/website\/wp-json\/wp\/v2\/posts"}],"about":[{"href":"https:\/\/www.messinaoggi.it\/website\/wp-json\/wp\/v2\/types\/post"}],"author":[{"embeddable":true,"href":"https:\/\/www.messinaoggi.it\/website\/wp-json\/wp\/v2\/users\/2"}],"replies":[{"embeddable":true,"href":"https:\/\/www.messinaoggi.it\/website\/wp-json\/wp\/v2\/comments?post=24460"}],"version-history":[{"count":0,"href":"https:\/\/www.messinaoggi.it\/website\/wp-json\/wp\/v2\/posts\/24460\/revisions"}],"wp:featuredmedia":[{"embeddable":true,"href":"https:\/\/www.messinaoggi.it\/website\/wp-json\/wp\/v2\/media\/1986"}],"wp:attachment":[{"href":"https:\/\/www.messinaoggi.it\/website\/wp-json\/wp\/v2\/media?parent=24460"}],"wp:term":[{"taxonomy":"category","embeddable":true,"href":"https:\/\/www.messinaoggi.it\/website\/wp-json\/wp\/v2\/categories?post=24460"},{"taxonomy":"post_tag","embeddable":true,"href":"https:\/\/www.messinaoggi.it\/website\/wp-json\/wp\/v2\/tags?post=24460"}],"curies":[{"name":"wp","href":"https:\/\/api.w.org\/{rel}","templated":true}]}}