{"id":24457,"date":"2018-09-19T15:15:48","date_gmt":"2018-09-19T13:15:48","guid":{"rendered":"http:\/\/www.messinaoggi.it\/website\/?p=24457"},"modified":"2018-09-19T15:15:48","modified_gmt":"2018-09-19T13:15:48","slug":"rifiuti-a-rischio-raccolta-a-giardini-naxos","status":"publish","type":"post","link":"https:\/\/www.messinaoggi.it\/website\/2018\/09\/19\/rifiuti-a-rischio-raccolta-a-giardini-naxos\/","title":{"rendered":"Rifiuti: a rischio raccolta a Giardini Naxos"},"content":{"rendered":"<p class=\"p1\" style=\"text-align: justify;\"><span class=\"s1\">Le Federazioni sindacali FP Cgil \u2013 Fit Cisl UILtrasporti e Fiadel di Messina lanciano l&#8217;allarme per\u00a0\u00a0la grave situazione che si \u00e8 determinata nel comune di Giardini Naxos a seguito dell\u2019ordinanza sindacale n\u00b0 47 che ha visto affidare\u00a0\u00a0dal 1\u00b0 Agosto 2018 il servizio di raccolta rifiuti cittadina alla ditta Progitec srl, in presenza comunque\u00a0\u00a0del servizio gi\u00e0 in affidamento all\u2019ATO ME 4 di cui lo stesso comune di Giardini Naxos \u00e8 socio.\u00a0\u00a0<\/span><div id=\"div-gpt-ad-Messinaoggi.it-DSK-300x250-corpoart\" style=\"text-align:center;margin:0 auto;\"><\/div><\/p>\n<p class=\"p1\" style=\"text-align: justify;\"><span class=\"s1\">Le procedure poste in essere hanno determinato difficolta nel transito dei lavoratori Ato Me 4 alla nuovo gestore, un\u00a0\u00a0cortocircuito di responsabilit\u00e0 che\u00a0\u00a0alla data odierna vede come risultato\u00a0\u00a0due aziende che espletano lo stesso servizio mettendo in confusione e determinando forti tensioni sociali\u00a0\u00a0tra i 29 lavoratori dell\u2019ATO ME 4 li impegnati e che temono per il loro futuro occupazionale e salariale.\u00a0<\/span><div id=\"videoincontent\" style=\"clear:both\";><\/div><\/p>\n<p class=\"p1\" style=\"text-align: justify;\"><span class=\"s1\">Dopo svariate riunioni con i soggetti interessati, Il comune, l\u2019ATO ME 4 il Commissario Straordinario, la S.R.R. Messina Citt\u00e0 Metropolitana, la Progitec srl e le OO.SS. senza\u00a0\u00a0una soluzione condivisa e soprattutto rispettosa della normativa prevista dalla Legge Reg. n\u00b0 9\/2010 che tutela i 29 lavoratori gi\u00e0 in dotazione organica alla S.R.R. \u00e8 stato tentato l\u2019avvio unilaterale del transito dei lavoratori da parte della Progitec srl senza accordo sindacale e secondo modalit\u00e0 che,\u00a0\u00a0a parere delle\u00a0\u00a0Organizzazioni sindacali, non rispettano i dettami della Legge Reg. 9\/2010 e mettono in discussione i diritti dei lavoratori interessati creando cosi disparit\u00e0 di trattamento tra quanti invece gi\u00e0 transitati regolarmente dall\u2019ATO ME 4 ad altre aziende in altri comuni.<\/span><\/p>\n<p class=\"p1\" style=\"text-align: justify;\"><span class=\"s1\">Tale grave situazione, continuano le OO.SS., rischia di implodere e mettere seriamente a rischio il servizio di igiene ambientale in tutti i comuni dell\u2019ATO ME 4, stante la non celata volont\u00e0 manifestata dal Comune di Giardini di non pagare pi\u00f9 i servizi correnti e neanche quelli passati alla societ\u00e0 d\u2019ambito, eventualit\u00e0 che metterebbe\u00a0\u00a0a repentaglio, persino il pagamento degli stipendi alle maestranze e saldare i fornitori .<\/span><\/p>\n<p class=\"p1\" style=\"text-align: justify;\"><span class=\"s1\">Per questi motivi, concludono\u00a0\u00a0le OO.SS \u00e8 stato chiesto a S.E. il Prefetto di Messina un autorevole intervento a seguito del quale \u00e8 stata subito incaricata la Direzione Territoriale del lavoro di Messina di convocare\u00a0\u00a0i soggetti interessati . Auspichiamo che in tale sede si possa addivenire ad un accordo condiviso e scongiurare situazioni che potrebbero provocare irresponsabili ed irrimediabili danni ai lavoratori ed ai cittadini.\u00a0<\/span><\/p>\n","protected":false},"excerpt":{"rendered":"<p>Le Federazioni sindacali FP Cgil \u2013 Fit Cisl UILtrasporti e Fiadel di Messina lanciano l&#8217;allarme per\u00a0\u00a0la grave situazione che si \u00e8 determinata nel comune di Giardini Naxos a seguito dell\u2019ordinanza sindacale n\u00b0 47 che ha visto affidare\u00a0\u00a0dal 1\u00b0 Agosto 2018 il servizio di raccolta rifiuti cittadina alla ditta Progitec srl, in presenza comunque\u00a0\u00a0del servizio gi\u00e0 [&hellip;]<\/p>\n","protected":false},"author":2,"featured_media":0,"comment_status":"closed","ping_status":"open","sticky":false,"template":"","format":"standard","meta":{"ub_ctt_via":"","_mi_skip_tracking":false},"categories":[3],"tags":[],"featured_image_src":null,"author_info":{"display_name":"Redazione","author_link":"https:\/\/www.messinaoggi.it\/website\/author\/redazione\/"},"digistream_id":0,"digistream":false,"_links":{"self":[{"href":"https:\/\/www.messinaoggi.it\/website\/wp-json\/wp\/v2\/posts\/24457"}],"collection":[{"href":"https:\/\/www.messinaoggi.it\/website\/wp-json\/wp\/v2\/posts"}],"about":[{"href":"https:\/\/www.messinaoggi.it\/website\/wp-json\/wp\/v2\/types\/post"}],"author":[{"embeddable":true,"href":"https:\/\/www.messinaoggi.it\/website\/wp-json\/wp\/v2\/users\/2"}],"replies":[{"embeddable":true,"href":"https:\/\/www.messinaoggi.it\/website\/wp-json\/wp\/v2\/comments?post=24457"}],"version-history":[{"count":0,"href":"https:\/\/www.messinaoggi.it\/website\/wp-json\/wp\/v2\/posts\/24457\/revisions"}],"wp:attachment":[{"href":"https:\/\/www.messinaoggi.it\/website\/wp-json\/wp\/v2\/media?parent=24457"}],"wp:term":[{"taxonomy":"category","embeddable":true,"href":"https:\/\/www.messinaoggi.it\/website\/wp-json\/wp\/v2\/categories?post=24457"},{"taxonomy":"post_tag","embeddable":true,"href":"https:\/\/www.messinaoggi.it\/website\/wp-json\/wp\/v2\/tags?post=24457"}],"curies":[{"name":"wp","href":"https:\/\/api.w.org\/{rel}","templated":true}]}}