{"id":244505,"date":"2025-07-03T00:09:21","date_gmt":"2025-07-02T22:09:21","guid":{"rendered":"https:\/\/www.messinaoggi.it\/website\/2025\/07\/02\/commissione-ue-propone-taglio-alle-emissioni-del-90-entro-il-2040\/"},"modified":"2025-07-03T08:10:02","modified_gmt":"2025-07-03T06:10:02","slug":"commissione-ue-propone-taglio-alle-emissioni-del-90-entro-il-2040","status":"publish","type":"post","link":"https:\/\/www.messinaoggi.it\/website\/2025\/07\/03\/commissione-ue-propone-taglio-alle-emissioni-del-90-entro-il-2040\/","title":{"rendered":"Commissione Ue propone taglio alle emissioni del 90% entro il 2040"},"content":{"rendered":"<div>BRUXELLES (BELGIO) (ITALPRESS) &#8211; La Commissione europea ha<br \/>proposto una modifica alla legge Ue sul clima, fissando come<br \/>obiettivo per il 2040 una riduzione del 90% delle emissioni nette<br \/>di gas serra rispetto ai livelli del 1990. Secondo quanto precisa<br \/>una nota di Bruxelles, ci\u00f2 offrir\u00e0 certezza agli investitori e<br \/>all&#8217;innovazione, rafforzer\u00e0 la leadership industriale delle<br \/>imprese dell&#8217;Ue e aumenter\u00e0 la sicurezza energetica dell&#8217;Europa.<br \/>Secondo un recente sondaggio, l&#8217;85% degli europei ritiene che il<br \/>cambiamento climatico sia un problema serio e l&#8217;81% sostiene<br \/>l&#8217;obiettivo dell&#8217;Ue di raggiungere la neutralit\u00e0 climatica entro<br \/>il 2050. L&#8217;Ue \u00e8 attualmente sulla buona strada per raggiungere il<br \/>suo prossimo obiettivo di una riduzione del 55% entro il 2030. La<br \/>nuova proposta si basa su questo obiettivo giuridicamente<br \/>vincolante e definisce un modo pi\u00f9 pragmatico e flessibile per<br \/>raggiungere l&#8217;obiettivo del 2040. Sempre secondo il comunicato<br \/>della Commissione, l&#8217;obiettivo climatico proposto per il 2040<br \/>tiene conto dell&#8217;attuale panorama economico, di sicurezza e<br \/>geopolitico. Sottolinea l&#8217;importanza di accelerare e rafforzare le giuste condizioni abilitanti per raggiungere l&#8217;obiettivo ed \u00e8 <br \/>allineato con la  bussola della competitivit\u00e0 dell&#8217;Ue, l&#8217;accordo<br \/>industriale pulito e il piano d&#8217;azione per l&#8217;energia accessibile<br \/>sulla base di una valutazione d&#8217;impatto approfondita e dei pareri<br \/>del Gruppo intergovernativo sui cambiamenti climatici e del<br \/>Comitato scientifico consultivo europeo sui cambiamenti climatici.<br \/>(ITALPRESS).<br \/> -Foto Ipa Agency-<\/div>\n<div id=\"div-gpt-ad-Messinaoggi.it-DSK-300x250-corpoart\" style=\"text-align:center;margin:0 auto;\"><\/div><\/p><div id=\"videoincontent\" style=\"clear:both\";><\/div>","protected":false},"excerpt":{"rendered":"<p>BRUXELLES (BELGIO) (ITALPRESS) &#8211; La Commissione europea haproposto una modifica alla legge Ue sul clima, fissando comeobiettivo per il 2040 una riduzione del 90% delle emissioni nettedi gas serra rispetto ai livelli del 1990. Secondo quanto precisauna nota di Bruxelles, ci\u00f2 offrir\u00e0 certezza agli investitori eall&#8217;innovazione, rafforzer\u00e0 la leadership industriale delleimprese dell&#8217;Ue e aumenter\u00e0 la [&hellip;]<\/p>\n","protected":false},"author":18,"featured_media":244506,"comment_status":"closed","ping_status":"closed","sticky":false,"template":"","format":"standard","meta":{"ub_ctt_via":"","_mi_skip_tracking":false},"categories":[446,4],"tags":[783],"featured_image_src":"https:\/\/www.messinaoggi.it\/website\/wp-content\/uploads\/2025\/07\/20250702_2333.jpg","author_info":{"display_name":"Admin","author_link":"https:\/\/www.messinaoggi.it\/website\/author\/admin\/"},"digistream_id":0,"digistream":false,"_links":{"self":[{"href":"https:\/\/www.messinaoggi.it\/website\/wp-json\/wp\/v2\/posts\/244505"}],"collection":[{"href":"https:\/\/www.messinaoggi.it\/website\/wp-json\/wp\/v2\/posts"}],"about":[{"href":"https:\/\/www.messinaoggi.it\/website\/wp-json\/wp\/v2\/types\/post"}],"author":[{"embeddable":true,"href":"https:\/\/www.messinaoggi.it\/website\/wp-json\/wp\/v2\/users\/18"}],"replies":[{"embeddable":true,"href":"https:\/\/www.messinaoggi.it\/website\/wp-json\/wp\/v2\/comments?post=244505"}],"version-history":[{"count":1,"href":"https:\/\/www.messinaoggi.it\/website\/wp-json\/wp\/v2\/posts\/244505\/revisions"}],"predecessor-version":[{"id":244539,"href":"https:\/\/www.messinaoggi.it\/website\/wp-json\/wp\/v2\/posts\/244505\/revisions\/244539"}],"wp:featuredmedia":[{"embeddable":true,"href":"https:\/\/www.messinaoggi.it\/website\/wp-json\/wp\/v2\/media\/244506"}],"wp:attachment":[{"href":"https:\/\/www.messinaoggi.it\/website\/wp-json\/wp\/v2\/media?parent=244505"}],"wp:term":[{"taxonomy":"category","embeddable":true,"href":"https:\/\/www.messinaoggi.it\/website\/wp-json\/wp\/v2\/categories?post=244505"},{"taxonomy":"post_tag","embeddable":true,"href":"https:\/\/www.messinaoggi.it\/website\/wp-json\/wp\/v2\/tags?post=244505"}],"curies":[{"name":"wp","href":"https:\/\/api.w.org\/{rel}","templated":true}]}}