{"id":24449,"date":"2018-09-19T15:06:15","date_gmt":"2018-09-19T13:06:15","guid":{"rendered":"http:\/\/www.messinaoggi.it\/website\/?p=24449"},"modified":"2018-09-19T15:06:15","modified_gmt":"2018-09-19T13:06:15","slug":"cgil-vigili-del-fuoco-nuova-legislatura-problemi-vecchi","status":"publish","type":"post","link":"https:\/\/www.messinaoggi.it\/website\/2018\/09\/19\/cgil-vigili-del-fuoco-nuova-legislatura-problemi-vecchi\/","title":{"rendered":"Cgil, vigili del fuoco: nuova legislatura, problemi vecchi"},"content":{"rendered":"<p>La segreteria provinciale Vigili del fuoco della Cgil lancia un nuovo allarme. &#8220;<span class=\"s1\">Nei giorni scorsi, il Senato, in seduta plenaria, ha discusso l\u2019atto di Governo n.36 che prevede di intervenire, con risorse economiche insufficienti, sul Corpo pi\u00f9 amato dagli Italiani, il Corpo Nazionale dei Vigili del Fuoco.\u00a0<\/span><span class=\"s1\">I Senatori, sicuramente impegnati con temi elettoralmente pi\u00f9 interessanti in vista della prossima campagna elettorale per le elezioni europee, incuranti della richiesta di proroga avanzata dai Vigili del Fuoco, in pochi minuti hanno licenziato un testo che, per le poche risorse economiche a disposizione e per la concentrazione delle stesse su piccoli gruppi di pressione, finir\u00e0 per danneggiare la maggior parte dei Vigili del Fuoco Operativi, a partire da quelli appartenenti ai fondamentali ruoli dei Vigili e dei Capi Squadra&#8221;. E&#8217; quanto si legge in una nota del sindacato.<\/span><div id=\"div-gpt-ad-Messinaoggi.it-DSK-300x250-corpoart\" style=\"text-align:center;margin:0 auto;\"><\/div><\/p>\n<p class=\"p1\"><span class=\"s1\">&#8220;In pratica, se alla Camera dei Deputati non sar\u00e0 rivisto il testo, &#8211; prosegue la nota &#8211; i veri sconfitti saranno proprio coloro che svolgono, h24, attivit\u00e0 di soccorso e che rappresentano ben pi\u00f9 dell\u201980% del personale del Corpo, a cui saranno assegnate nemmeno il 50% delle misere risorse.\u00a0<\/span><span class=\"s1\">Inoltre, il Sottosegretario Candiani, dal quale ci aspettavamo, vista l\u2019appartenenza, una discussione sul tema del decentramento e del ruolo delle Regioni, ha annunciato un ritorno al passato per l\u2019intero sistema integrato della Protezione Civile, di cui il Corpo Nazionale dei Vigili del Fuoco \u00e8 \u201ccomponente fondamentale\u201d, annunciando, con buona pace per la partecipazione democratica del sistema delle Regioni e Autonomie Locali e dei Cittadini, che il Governo sarebbe intenzionato a trasferire il Dipartimento dalla Presidenza del Consiglio dei Ministri (dove \u00e8 collocato sia per l\u2019attivit\u00e0 multidisciplinare svolta che va ben oltre il limite dei singoli Ministeri sia per la necessit\u00e0 di assumere, talvolta, provvedimenti a carattere d\u2019urgenza) alla Difesa Civile.\u00a0<\/span><span class=\"s1\">Di fatto, si va verso una militarizzazione che, oltre a mostrare definitivamente lo stato di guerra in cui sono caduti i territori del nostro Paese a causa della mancata adozione di misure di prevenzione e protezione, serve a depotenziare la partecipazione democratica dei cittadini. Un ritorno al passato, ai tempi in cui i piani di Protezione Civile non erano visibili perch\u00e9 riportanti la scritta &#8216;segreto&#8217;, con la conseguenza che i Cittadini non potranno nemmeno sapere quali rischi corrono.\u00a0<\/span><span class=\"s1\">In questo contesto, si tenta di mettere le mani sul Corpo Nazionale dei Vigili del Fuoco, paventando interessi economici per i pompieri con un indefinito, quanto incerto, aumento stipendiale in cambio di un passaggio al comparto difesa e sicurezza.\u00a0<\/span><span class=\"s1\">Ed \u00e8 in questo contesto, considerato che l\u2019Italia \u00e8 sotto infrazione europea a causa dell\u2019elevato numero di forze di Polizia, che si apre, ancora una volta, il rischio di un accorpamento con altri Corpi, come accaduto per il Corpo Forestale dello Stato.<\/span><div id=\"videoincontent\" style=\"clear:both\";><\/div><\/p>\n","protected":false},"excerpt":{"rendered":"<p>La segreteria provinciale Vigili del fuoco della Cgil lancia un nuovo allarme. &#8220;Nei giorni scorsi, il Senato, in seduta plenaria, ha discusso l\u2019atto di Governo n.36 che prevede di intervenire, con risorse economiche insufficienti, sul Corpo pi\u00f9 amato dagli Italiani, il Corpo Nazionale dei Vigili del Fuoco.\u00a0I Senatori, sicuramente impegnati con temi elettoralmente pi\u00f9 interessanti [&hellip;]<\/p>\n","protected":false},"author":2,"featured_media":3700,"comment_status":"closed","ping_status":"open","sticky":false,"template":"","format":"standard","meta":{"ub_ctt_via":"","_mi_skip_tracking":false},"categories":[5],"tags":[],"featured_image_src":"https:\/\/www.messinaoggi.it\/website\/wp-content\/uploads\/2017\/06\/Incendi-Vigili-Fuoco-Messina-1-2.jpg","author_info":{"display_name":"Redazione","author_link":"https:\/\/www.messinaoggi.it\/website\/author\/redazione\/"},"digistream_id":0,"digistream":false,"_links":{"self":[{"href":"https:\/\/www.messinaoggi.it\/website\/wp-json\/wp\/v2\/posts\/24449"}],"collection":[{"href":"https:\/\/www.messinaoggi.it\/website\/wp-json\/wp\/v2\/posts"}],"about":[{"href":"https:\/\/www.messinaoggi.it\/website\/wp-json\/wp\/v2\/types\/post"}],"author":[{"embeddable":true,"href":"https:\/\/www.messinaoggi.it\/website\/wp-json\/wp\/v2\/users\/2"}],"replies":[{"embeddable":true,"href":"https:\/\/www.messinaoggi.it\/website\/wp-json\/wp\/v2\/comments?post=24449"}],"version-history":[{"count":0,"href":"https:\/\/www.messinaoggi.it\/website\/wp-json\/wp\/v2\/posts\/24449\/revisions"}],"wp:featuredmedia":[{"embeddable":true,"href":"https:\/\/www.messinaoggi.it\/website\/wp-json\/wp\/v2\/media\/3700"}],"wp:attachment":[{"href":"https:\/\/www.messinaoggi.it\/website\/wp-json\/wp\/v2\/media?parent=24449"}],"wp:term":[{"taxonomy":"category","embeddable":true,"href":"https:\/\/www.messinaoggi.it\/website\/wp-json\/wp\/v2\/categories?post=24449"},{"taxonomy":"post_tag","embeddable":true,"href":"https:\/\/www.messinaoggi.it\/website\/wp-json\/wp\/v2\/tags?post=24449"}],"curies":[{"name":"wp","href":"https:\/\/api.w.org\/{rel}","templated":true}]}}