{"id":244392,"date":"2025-07-01T18:09:23","date_gmt":"2025-07-01T16:09:23","guid":{"rendered":"https:\/\/www.messinaoggi.it\/website\/2025\/07\/01\/assarmatori-messina-stop-alla-penalizzazione-dei-marittimi-italiani\/"},"modified":"2025-07-01T18:09:23","modified_gmt":"2025-07-01T16:09:23","slug":"assarmatori-messina-stop-alla-penalizzazione-dei-marittimi-italiani","status":"publish","type":"post","link":"https:\/\/www.messinaoggi.it\/website\/2025\/07\/01\/assarmatori-messina-stop-alla-penalizzazione-dei-marittimi-italiani\/","title":{"rendered":"Assarmatori, Messina \u201cStop alla penalizzazione dei marittimi italiani\u201d"},"content":{"rendered":"<div>ROMA (ITALPRESS) &#8211; Immediato superamento della distorsione per cui l&#8217;Italia sostiene economicamente i marittimi extracomunitari impiegati nei servizi internazionali e di crociera e non i marittimi italiani imbarcati sulle navi che effettuano i collegamenti di corto raggio. E definizione di un intervento mirato dello Stato per favorire il rinnovo e il ringiovanimento delle flotte dei traghetti in un mercato che non pu\u00f2 essere supportato economicamente solo da finanziamenti privati; quindi, un nuovo schema di aiuti pubblici per i cantieri europei per rilanciare concretamente la cantieristica del continente senza ricorrere a insensate misure protezionistiche.<br \/>Muovendo circostanziate critiche alla politica marittima, industriale e ambientalista seguita negli ultimi anni dall&#8217;Unione europea, Stefano Messina, Presidente di Assarmatori (l&#8217;Associazione aderente a Conftrasporto-Confcommercio che riunisce armatori italiani, europei e di Paesi terzi che operano regolarmente in Italia), ha indirizzato al Governo e al Parlamento un vero e proprio cahier de doleance che fa perno su queste richieste. E lo ha fatto aprendo l&#8217;Annual Meeting 2025, che si \u00e8 tenuto a Roma alla presenza, fra gli altri, del Vice Presidente del Consiglio e Ministro per gli Affari Esteri e la Cooperazione Internazionale, Antonio Tajani, del Ministro delle Imprese e del Made in Italy, Adolfo Urso, del Ministro per la Protezione Civile e le Politiche del Mare, Nello Musumeci, del Ministro della Salute Orazio Schillaci e del Vice Ministro delle Infrastrutture e dei Trasporti, Edoardo Rixi. L&#8217;Assemblea ha ricevuto anche i videomessaggi del Presidente del Consiglio, Giorgia Meloni e del Vice Presidente Esecutivo della Commissione europea, Raffaele Fitto.<br \/>&#8220;La pi\u00f9 grande flotta di traghetti al mondo, quella italiana, non potr\u00e0 essere rinnovata esclusivamente con le risorse degli armatori &#8211; ha affermato esplicitamente Messina &#8211; ed \u00e8 ora di dire la verit\u00e0 sulla favoletta dell&#8217;ETS, il prelievo &#8220;ecologico&#8221; su merci e passeggeri che avrebbe dovuto produrre proventi per il comparto marittimo al fine di finanziare innovazione, rinnovo della flotta, sicurezza&#8221;. &#8220;Non \u00e8 cos\u00ec&#8221;, ha rivelato Messina, precisando che il 50% di questi fondi &#8220;\u00e8 oggi destinato a tamponare il debito pubblico. Una modalit\u00e0 che deve essere cambiata, reindirizzando quelle risorse al settore che le ha generate e affrontando cos\u00ec, in modo concreto, il tema del rinnovo della flotta traghetti; rinnovo per il quale \u00e8 indispensabile un intervento concreto dello Stato che affianchi le iniziative degli armatori&#8221;.<br \/>Messina ha anche evidenziato il tema del rilancio della cantieristica europea, tornato di scottante attualit\u00e0 alla luce delle guerre commerciali in atto e della crociata lanciata dall&#8217;amministrazione americana, per la creazione non solo di una cantieristica USA, ma anche di un&#8217;offerta di costruzioni navali che sia alternativa al monopolio asiatico: &#8220;In Europa &#8211; ha detto &#8211; c&#8217;\u00e8 chi vorrebbe sostenere un approccio protezionistico che, anzich\u00e8 promuovere attivamente la competitivit\u00e0 dei cantieri europei, potrebbe aprire la strada a misure di stampo protezionistico per chi non sceglie il &#8216;Made in Europ\u00e8. Come accade con l&#8217;ETS, le politiche comunitarie generano forti contraddizioni fra metodo e obiettivi da raggiugere. Siamo favorevoli e assolutamente convinti, e in questo gli armatori sono pronti a recitare la loro parte, della necessit\u00e0 di rilanciare la cantieristica europea in segmenti dove ha perso leadership e competenze. Tuttavia, questo obiettivo non pu\u00f2 essere perseguito attraverso mere politiche protezionistiche. Occorre ridisegnare, in coerenza con il mercato, un regime di Aiuti di Stato a favore dei cantieri europei&#8221;.<br \/>Messina ha quindi acceso i riflettori sull&#8217;urgenza di una massiccia opera di sburocratizzazione dell&#8217;ordinamento della navigazione e di digitalizzazione, fattori che rilancerebbero la competitivit\u00e0 di una bandiera italiana che invece continua a perdere tonnellaggio a causa del flagging out verso bandiere di altri Stati, anche comunitari, che offrono tempi ridotti e procedure semplificate.<br \/>Il Presidente dell&#8217;associazione armatoriale si \u00e8 quindi concentrato sul tema del lavoro marittimo. &#8220;E&#8217; mai possibile &#8211; la provocazione di Messina &#8211; che il nostro Paese sostenga economicamente i marittimi extracomunitari nei servizi internazionali e di crociera e non i marittimi, quasi tutti se non tutti italiani, che lavorano sulle navi impiegate nei servizi di corto raggio e in particolare nei collegamenti con le isole che assicurano la continuit\u00e0 territoriale? E&#8217; forse questa la ragione per cui abbiamo rinunciato a misurare il fenomeno dei marittimi non europei non dotandoci di un&#8217;anagrafe digitale dei marittimi? Di certo \u00e8 una stortura inaccettabile, su cui si \u00e8 pronunciata la Commissione Europea invitando l&#8217;Italia a rispettare le regole europee. Noi ci batteremo per far rispettare queste regole e per portare un beneficio concreto ad un comparto che ha bisogno di essere messo al centro delle politiche di sostegno all&#8217;occupazione&#8221;.<br \/>Nel corso dell&#8217;Assemblea odierna, il Premio Assarmatori 2025, tradizionale riconoscimento consegnato dall&#8217;Associazione, \u00e8 andato alla Fondazione Stella Maris di Genova per il suo lavoro di sostegno e cura proprio nei confronti del personale marittimo.<br \/>Il dibattito dell&#8217;Annual Meeting \u00e8 stato arricchito, inoltre, da una tavola rotonda moderata dal Direttore de Il Secolo XIX, Michele Brambilla, cui hanno preso parte Salvatore Deidda, Presidente della Commissione Trasporti della Camera, Marco Bisagno, Presidente del cantiere T.Mariotti, Vincenzo Franza, CEO di Caronte &amp; Tourist Isole Minori, Mauro Mallone, Presidente del Comitato ETS, e Christos Stylianides, gi\u00e0 Ministro per la Navigazione e della Politica insulare della Grecia.<div id=\"div-gpt-ad-Messinaoggi.it-DSK-300x250-corpoart\" style=\"text-align:center;margin:0 auto;\"><\/div><\/p>\n<p>&#8211; foto ufficio stampa Assarmatori &#8211;<br \/>(ITALPRESS).<\/div>\n<div id=\"videoincontent\" style=\"clear:both\";><\/div>","protected":false},"excerpt":{"rendered":"<p>ROMA (ITALPRESS) &#8211; Immediato superamento della distorsione per cui l&#8217;Italia sostiene economicamente i marittimi extracomunitari impiegati nei servizi internazionali e di crociera e non i marittimi italiani imbarcati sulle navi che effettuano i collegamenti di corto raggio. E definizione di un intervento mirato dello Stato per favorire il rinnovo e il ringiovanimento delle flotte dei [&hellip;]<\/p>\n","protected":false},"author":18,"featured_media":244393,"comment_status":"closed","ping_status":"closed","sticky":false,"template":"","format":"standard","meta":{"ub_ctt_via":"","_mi_skip_tracking":false},"categories":[446],"tags":[783],"featured_image_src":"https:\/\/www.messinaoggi.it\/website\/wp-content\/uploads\/2025\/07\/20250701_1072.jpg","author_info":{"display_name":"Admin","author_link":"https:\/\/www.messinaoggi.it\/website\/author\/admin\/"},"digistream_id":0,"digistream":false,"_links":{"self":[{"href":"https:\/\/www.messinaoggi.it\/website\/wp-json\/wp\/v2\/posts\/244392"}],"collection":[{"href":"https:\/\/www.messinaoggi.it\/website\/wp-json\/wp\/v2\/posts"}],"about":[{"href":"https:\/\/www.messinaoggi.it\/website\/wp-json\/wp\/v2\/types\/post"}],"author":[{"embeddable":true,"href":"https:\/\/www.messinaoggi.it\/website\/wp-json\/wp\/v2\/users\/18"}],"replies":[{"embeddable":true,"href":"https:\/\/www.messinaoggi.it\/website\/wp-json\/wp\/v2\/comments?post=244392"}],"version-history":[{"count":0,"href":"https:\/\/www.messinaoggi.it\/website\/wp-json\/wp\/v2\/posts\/244392\/revisions"}],"wp:featuredmedia":[{"embeddable":true,"href":"https:\/\/www.messinaoggi.it\/website\/wp-json\/wp\/v2\/media\/244393"}],"wp:attachment":[{"href":"https:\/\/www.messinaoggi.it\/website\/wp-json\/wp\/v2\/media?parent=244392"}],"wp:term":[{"taxonomy":"category","embeddable":true,"href":"https:\/\/www.messinaoggi.it\/website\/wp-json\/wp\/v2\/categories?post=244392"},{"taxonomy":"post_tag","embeddable":true,"href":"https:\/\/www.messinaoggi.it\/website\/wp-json\/wp\/v2\/tags?post=244392"}],"curies":[{"name":"wp","href":"https:\/\/api.w.org\/{rel}","templated":true}]}}