{"id":244376,"date":"2025-07-01T14:19:23","date_gmt":"2025-07-01T12:19:23","guid":{"rendered":"https:\/\/www.messinaoggi.it\/website\/2025\/07\/01\/prosegue-la-stagione-estiva-della-foss-sul-podio-torna-maurizio-colasanti\/"},"modified":"2025-07-01T14:19:23","modified_gmt":"2025-07-01T12:19:23","slug":"prosegue-la-stagione-estiva-della-foss-sul-podio-torna-maurizio-colasanti","status":"publish","type":"post","link":"https:\/\/www.messinaoggi.it\/website\/2025\/07\/01\/prosegue-la-stagione-estiva-della-foss-sul-podio-torna-maurizio-colasanti\/","title":{"rendered":"Prosegue la stagione estiva della Foss, sul podio torna Maurizio Colasanti"},"content":{"rendered":"<div>\n<p>PALERMO (ITALPRESS) \u2013 La stagione estiva dell\u2019<strong>Orchestra Sinfonica Siciliana<\/strong> torna per una tappa all\u2019aperto a Palermo, in piazza Ruggiero Settimo, venerd\u00ec 4 luglio alle ore 21 (biglietti 5 e 10 euro) e poi continua il suo viaggio attraverso alcune localit\u00e0 dell\u2019Isola sabato 5 luglio a Bolognetta, in piazza Caduti in guerra, sempre alle ore 21 (ingresso gratuito).<div id=\"div-gpt-ad-Messinaoggi.it-DSK-300x250-corpoart\" style=\"text-align:center;margin:0 auto;\"><\/div><\/p>\n<p>Sul podio ritorna <strong>Maurizio Colasanti<\/strong> con un programma assai variegato che si apre con una serie di brani di vertiginoso virtuosismo violinistico scritti da Pablo de Sarasate (Introduction et Tarantelle per violino e orchestra op. 43, Zigeunerweisen per violino e orchestra op. 20, Fantasia da concerto sulla \u201cCarmen\u201d per violino e orchestra op. 25) e affidati a un divo dei nostri giorni come Stefan Milenkovich. Quindi le danze dall\u2019opera Le Cid di Jules Massenet e Danz\u00f3n n. 2 di Arturo M\u00dfrquez.<div id=\"videoincontent\" style=\"clear:both\";><\/div><\/p>\n<p>Si comincia quindi con tre travolgenti pagine di Pablo de Sarasate, violinista e compositore spagnolo la cui fama, gi\u00e0 a fine Ottocento, era legata a un virtuosismo spettacolare e brillante. Dall\u2019Introduction et Tarantelle op. 43, con i suoi contrasti tra lirismo iniziale e vivacit\u00e0 della danza finale, alla celeberrima Zigeunerweisen op. 20, ispirata alla musica gitana ascoltata a Budapest, ogni battuta mette alla prova la tecnica e la fantasia dell\u2019interprete.<\/p>\n<p>La stessa estroversa teatralit\u00e0 anima la Fantasia da concerto sulla Carmen op. 25, dove i temi di Bizet vengono trasformati in un viaggio virtuosistico attraverso l\u2019Habanera, la seguidilla e la Chanson boh\u00e8me, rielaborate in modo spettacolare. Segue un omaggio alla Spagna filtrata dallo sguardo francese di Jules Massenet: la suite di danze tratte dall\u2019opera Le Cid \u00e8 un caleidoscopio orchestrale in sette movimenti, dal lirismo dell\u2019Andalouse alla brillantezza della Navarraise, passando per raffinati giochi timbrici come quelli della Madril\u00e8ne.<\/p>\n<p>Scritta per il secondo atto dell\u2019opera andata in scena nel 1885 all\u2019Op\u00e9ra di Parigi, la suite \u00e8 oggi eseguita anche come pagina sinfonica autonoma. Chiude il concerto uno dei brani pi\u00f9 popolari del repertorio sinfonico contemporaneo latinoamericano: il Danz\u00f3n n. 2 del messicano Arturo M\u00dfrquez, reso celebre nel mondo dalla Orquesta Sim\u00f3n Bol\u00edvar diretta da Gustavo Dudamel. Scritto nel 1994, ispirato alla danza tradizionale di Veracruz, questo brano mescola lirismo, sensualit\u00e0 e ritmo, in un crescendo che coinvolge l\u2019intera orchestra e invita al movimento.<\/p>\n<p>Numerosi gli interventi solistici \u2013 tra cui quelli di clarinetto, oboe, flauto e pianoforte \u2013 che danno voce alle diverse sfumature di una musica travolgente, sospesa tra tradizione popolare e sofisticata scrittura orchestrale. La programmazione estiva della FOSS prosegue l\u201911 luglio in piazza Ruggiero Settimo a Palermo e il 12 luglio a Villa Piccolo (Capo d\u2019Orlando) con il sassofonista e direttore Federico Mondelci e pagine di Bernstein e Aznavour.<\/p>\n<p>\u2013 Foto Ufficio stampa Foss \u2013<\/p>\n<p>(ITALPRESS)<\/p>\n<\/div>\n","protected":false},"excerpt":{"rendered":"<p>PALERMO (ITALPRESS) \u2013 La stagione estiva dell\u2019Orchestra Sinfonica Siciliana torna per una tappa all\u2019aperto a Palermo, in piazza Ruggiero Settimo, venerd\u00ec 4 luglio alle ore 21 (biglietti 5 e 10 euro) e poi continua il suo viaggio attraverso alcune localit\u00e0 dell\u2019Isola sabato 5 luglio a Bolognetta, in piazza Caduti in guerra, sempre alle ore 21 [&hellip;]<\/p>\n","protected":false},"author":18,"featured_media":244377,"comment_status":"closed","ping_status":"closed","sticky":false,"template":"","format":"standard","meta":{"ub_ctt_via":"","_mi_skip_tracking":false},"categories":[2449],"tags":[783],"featured_image_src":"https:\/\/www.messinaoggi.it\/website\/wp-content\/uploads\/2025\/07\/Maurizio_colasanti-e1751366262824.jpg","author_info":{"display_name":"Admin","author_link":"https:\/\/www.messinaoggi.it\/website\/author\/admin\/"},"digistream_id":0,"digistream":false,"_links":{"self":[{"href":"https:\/\/www.messinaoggi.it\/website\/wp-json\/wp\/v2\/posts\/244376"}],"collection":[{"href":"https:\/\/www.messinaoggi.it\/website\/wp-json\/wp\/v2\/posts"}],"about":[{"href":"https:\/\/www.messinaoggi.it\/website\/wp-json\/wp\/v2\/types\/post"}],"author":[{"embeddable":true,"href":"https:\/\/www.messinaoggi.it\/website\/wp-json\/wp\/v2\/users\/18"}],"replies":[{"embeddable":true,"href":"https:\/\/www.messinaoggi.it\/website\/wp-json\/wp\/v2\/comments?post=244376"}],"version-history":[{"count":0,"href":"https:\/\/www.messinaoggi.it\/website\/wp-json\/wp\/v2\/posts\/244376\/revisions"}],"wp:featuredmedia":[{"embeddable":true,"href":"https:\/\/www.messinaoggi.it\/website\/wp-json\/wp\/v2\/media\/244377"}],"wp:attachment":[{"href":"https:\/\/www.messinaoggi.it\/website\/wp-json\/wp\/v2\/media?parent=244376"}],"wp:term":[{"taxonomy":"category","embeddable":true,"href":"https:\/\/www.messinaoggi.it\/website\/wp-json\/wp\/v2\/categories?post=244376"},{"taxonomy":"post_tag","embeddable":true,"href":"https:\/\/www.messinaoggi.it\/website\/wp-json\/wp\/v2\/tags?post=244376"}],"curies":[{"name":"wp","href":"https:\/\/api.w.org\/{rel}","templated":true}]}}