{"id":244352,"date":"2025-07-01T12:09:22","date_gmt":"2025-07-01T10:09:22","guid":{"rendered":"https:\/\/www.messinaoggi.it\/website\/2025\/07\/01\/dazi-weber-trump-non-ci-tratti-come-il-canada-e-londra\/"},"modified":"2025-07-01T12:09:22","modified_gmt":"2025-07-01T10:09:22","slug":"dazi-weber-trump-non-ci-tratti-come-il-canada-e-londra","status":"publish","type":"post","link":"https:\/\/www.messinaoggi.it\/website\/2025\/07\/01\/dazi-weber-trump-non-ci-tratti-come-il-canada-e-londra\/","title":{"rendered":"Dazi, Weber \u201cTrump non ci tratti come il Canada e Londra\u201d"},"content":{"rendered":"<div>ROMA (ITALPRESS) &#8211; <em>&#8220;L&#8217;Unione europea rappresenta il 22% del Pil globale, mentre gli Usa il 25%. Siamo abbastanza alla pari in termini di dimensioni e potere economico. Partiamo da un punto di forza. Trump non pu\u00f2 maltrattarci come sta facendo con il Canada, la Gran Bretagna o altri Paesi pi\u00f9 piccoli. Il presupposto \u00e8 l&#8217;unit\u00e0&#8221;.<\/em> Lo dice <strong>Manfred<\/strong> <strong>Weber<\/strong>, presidente e capogruppo del Ppe al Parlamento europeo, in un&#8217;intervista al <em>Corriere della Sera. <\/em><div id=\"div-gpt-ad-Messinaoggi.it-DSK-300x250-corpoart\" style=\"text-align:center;margin:0 auto;\"><\/div><\/p>\n<p><em>&#8220;E&#8217; stato molto positivo che tutti i leader &#8211; Macron, Meloni, Merz &#8211; abbiano confermato che \u00e8 la Commissione a negoziare. Ora siamo nella fase finale. La priorit\u00e0 \u00e8 porre fine all&#8217;incertezza e ottenere chiarezza per le nostre imprese. Il Ppe sostiene il principio delle tariffe zero per i prodotti industriali. Il resto \u00e8 nelle mani dei negoziatori&#8221;.<\/em><div id=\"videoincontent\" style=\"clear:both\";><\/div><\/p>\n<p><em>&#8220;Le regole su cui si basa il mercato unico non vengono stabilite nelle sedi delle grandi aziende della Silicon Valley e nemmeno alla Casa Bianca. Vengono stabilite dal Parlamento europeo&#8221;<\/em> dice <strong>Weber<\/strong> ricordando le linee rosse da non oltrepassare nel negoziato sui dazi con gli <strong>Stati Uniti<\/strong>.<\/p>\n<p>Per <strong>Weber<\/strong> <em>&#8220;la scorsa \u00e8 stata una settimana positiva per la cooperazione transatlantica, con il risultato del vertice Nato che ha portato a un accordo comune del 5% e la conferma da parte di Trump del suo impegno della Nato. In questo momento storico, non \u00e8 possibile pensare a una difesa europea senza i nostri partner americani. Ma ora il nostro compito \u00e8 passare al pilastro europeo della difesa all&#8217;interno della Nato. Voglio ringraziare il governo italiano e Antonio Tajani, perch\u00e8 con la sua insistenza sul pilastro della difesa europea \u00e8 una voce forte: sta trasmettendo lo spirito di Adenauer, De Gasperi e Schuman&#8221;.\u00a0<\/em><\/p>\n<p>-foto IPA Agency &#8211;<\/p>\n<p>(ITALPRESS)<\/p><\/div>\n","protected":false},"excerpt":{"rendered":"<p>ROMA (ITALPRESS) &#8211; &#8220;L&#8217;Unione europea rappresenta il 22% del Pil globale, mentre gli Usa il 25%. Siamo abbastanza alla pari in termini di dimensioni e potere economico. Partiamo da un punto di forza. Trump non pu\u00f2 maltrattarci come sta facendo con il Canada, la Gran Bretagna o altri Paesi pi\u00f9 piccoli. Il presupposto \u00e8 l&#8217;unit\u00e0&#8221;. [&hellip;]<\/p>\n","protected":false},"author":18,"featured_media":244353,"comment_status":"closed","ping_status":"closed","sticky":false,"template":"","format":"standard","meta":{"ub_ctt_via":"","_mi_skip_tracking":false},"categories":[446],"tags":[783],"featured_image_src":"https:\/\/www.messinaoggi.it\/website\/wp-content\/uploads\/2025\/07\/20250701_0128.jpg","author_info":{"display_name":"Admin","author_link":"https:\/\/www.messinaoggi.it\/website\/author\/admin\/"},"digistream_id":0,"digistream":false,"_links":{"self":[{"href":"https:\/\/www.messinaoggi.it\/website\/wp-json\/wp\/v2\/posts\/244352"}],"collection":[{"href":"https:\/\/www.messinaoggi.it\/website\/wp-json\/wp\/v2\/posts"}],"about":[{"href":"https:\/\/www.messinaoggi.it\/website\/wp-json\/wp\/v2\/types\/post"}],"author":[{"embeddable":true,"href":"https:\/\/www.messinaoggi.it\/website\/wp-json\/wp\/v2\/users\/18"}],"replies":[{"embeddable":true,"href":"https:\/\/www.messinaoggi.it\/website\/wp-json\/wp\/v2\/comments?post=244352"}],"version-history":[{"count":0,"href":"https:\/\/www.messinaoggi.it\/website\/wp-json\/wp\/v2\/posts\/244352\/revisions"}],"wp:featuredmedia":[{"embeddable":true,"href":"https:\/\/www.messinaoggi.it\/website\/wp-json\/wp\/v2\/media\/244353"}],"wp:attachment":[{"href":"https:\/\/www.messinaoggi.it\/website\/wp-json\/wp\/v2\/media?parent=244352"}],"wp:term":[{"taxonomy":"category","embeddable":true,"href":"https:\/\/www.messinaoggi.it\/website\/wp-json\/wp\/v2\/categories?post=244352"},{"taxonomy":"post_tag","embeddable":true,"href":"https:\/\/www.messinaoggi.it\/website\/wp-json\/wp\/v2\/tags?post=244352"}],"curies":[{"name":"wp","href":"https:\/\/api.w.org\/{rel}","templated":true}]}}