{"id":244347,"date":"2025-07-01T11:51:07","date_gmt":"2025-07-01T09:51:07","guid":{"rendered":"http:\/\/www.messinaoggi.it\/website\/?p=244347"},"modified":"2025-07-01T11:51:09","modified_gmt":"2025-07-01T09:51:09","slug":"anteprima-di-fili-invisibili-il-cortometraggio-su-graziella-recupero-e-sara-campanella","status":"publish","type":"post","link":"https:\/\/www.messinaoggi.it\/website\/2025\/07\/01\/anteprima-di-fili-invisibili-il-cortometraggio-su-graziella-recupero-e-sara-campanella\/","title":{"rendered":"Anteprima di &#8220;Fili Invisibili&#8221;, il cortometraggio su Graziella Recupero e Sara Campanella"},"content":{"rendered":"\n<p>Le voci di <strong>Graziella Recupero<\/strong> e di <strong>Sara Campanella<\/strong>, vittime di femminicidio a distanza di 69 anni l\u2019una dall\u2019altra si sono levate alte ieri sera al Nuovo Cinema Corallo di Barcellona Pozzo di Gotto per l\u2019anteprima di \u201cFili Invisibili\u201d, cortometraggio realizzato dagli studenti e dalle studentesse dell\u2019ITT-LSSA Copernico con la regia di <strong>Fabio Schifilliti<\/strong>. <div id=\"div-gpt-ad-Messinaoggi.it-DSK-300x250-corpoart\" style=\"text-align:center;margin:0 auto;\"><\/div><\/p>\n\n\n\n<p>Sono tanti i \u201cFili invisibili\u201d che uniscono la storia della giovanissima Graziella Recupero, uccisa a Barcellona Pozzo di Gotto il 26 giugno del 1956 e quella di Sara Campanella, 22 enne, accoltellata a Messina il 31 marzo scorso e che gli studenti del Copernico hanno voluto raccontare nel cortometraggio che ha emozionato e commosso la platea del cinema. <div id=\"videoincontent\" style=\"clear:both\";><\/div><\/p>\n\n\n\n<p>Il laboratorio cinematografico rientra nel progetto \u201cOltre le ombre\u201d fortemente voluto dalla dirigente scolastica dell\u2019istituto Copernico Angelina Benvegna, coordinato in modo straordinario dalle professoresse Carmen Cicciari e Tiziana Bello e che ha portato, grazie alla partnership con la Gran Mirci Film amministrata da Giuseppe Ministeri, alla realizzazione del corto.<\/p>\n\n\n\n<p>E che il cinema sia un potente strumento didattico e di comunicazione lo dimostra il grande coinvolgimento, anche emotivo, degli studenti che hanno \u201ccostruito\u201d passo per passo il film, dalla stesura del testo al casting, alle riprese ed al montaggio. Un lavoro corale ma soprattutto una riflessione su un tema, quello della violenza sulle donne drammaticamente attuale, oggi come nel 1956.<\/p>\n\n\n\n<p>Gli applausi della sala sono stati per tutti e quando sul palcoscenico \u00e8 salito il regista Fabio Schifilliti, insieme all\u2019attore <strong>Claudio Castrogiovanni<\/strong> (che interpreta il ruolo del professor Massimiliano Berretta, incontrato da Sara Campanella poco prima di essere uccisa) l\u2019emozione di essere riusciti a dare voce a due giovani vittime di femmicidio \u00e8 stata fortissima. <\/p>\n\n\n\n<p>Lo hanno spiegato bene <strong>Sofia Spadaro <\/strong>e <strong>Giulia Foti<\/strong> (che hanno interpretato Graziella e Sara), <strong>Domenico Recupero<\/strong> ed <strong>Anthony Foti<\/strong> e l\u2019attore <strong>Pietro Briguglio<\/strong>. <\/p>\n\n\n\n<p>La rettrice dell\u2019Universit\u00e0 di Messina Giovanna Spatari e il professor Massimiliano Berretta hanno parlato direttamente al cuore dei giovani presenti, sottolineando l\u2019importanza dei comportamenti individuali e del non sottovalutare mai i segnali, perch\u00e9 questa \u00e8 una battaglia che si pu\u00f2 vincere solo insieme e solo con consapevolezza. Per Sara Campanella \u00e8 stato avviato anche il percorso che porter\u00e0 alla laurea alla memoria. <\/p>\n\n\n\n<p>Ad illustrare finalit\u00e0 e obiettivi del progetto \u00e8 stata la dirigente scolastica dell\u2019istituto Copernico <strong>Angelina Benvegna<\/strong>, molto orgogliosa dei risultati di un lavoro corale, ed in chiusura la professoressa Tiziana Bello ha letto un messaggio della madre di Sara Campanella che si \u00e8 concluso con le parole della stessa Sara, un invito per tutti ad amarsi e ad essere se stessi, volando altissimo. <\/p>\n\n\n\n<p>Presenti i sindaci di Barcellona Pozzo di Gotto <strong>Pinuccio Calabr\u00f2<\/strong> e di Rod\u00ec Milici (dove sono state girate le scene del femminicidio di Graziella Recupero) e la famiglia Recupero. <\/p>\n\n\n\n<p>Ieri \u00e8 stata l\u2019antemprima di Fili invisibili ma come ha annunciato <strong>Giuseppe Ministeri <\/strong>\u00e8 solo l\u2019inizio per il \u201cviaggio\u201d di un cortometraggio di grande valore.<\/p>\n\n\n\n<p>Il progetto \u201cOltre le ombre\u201d rientra nell\u2019ambito del bando Cinema e immagini per la scuola del Ministero della Cultura e del Ministero dell\u2019Istruzione e del Merito.<\/p>\n","protected":false},"excerpt":{"rendered":"<p>Le voci di Graziella Recupero e di Sara Campanella, vittime di femminicidio a distanza di 69 anni l\u2019una dall\u2019altra si sono levate alte ieri sera al Nuovo Cinema Corallo di Barcellona Pozzo di Gotto per l\u2019anteprima di \u201cFili Invisibili\u201d, cortometraggio realizzato dagli studenti e dalle studentesse dell\u2019ITT-LSSA Copernico con la regia di Fabio Schifilliti. Sono [&hellip;]<\/p>\n","protected":false},"author":15,"featured_media":244349,"comment_status":"open","ping_status":"open","sticky":false,"template":"","format":"standard","meta":{"ub_ctt_via":"","_mi_skip_tracking":false},"categories":[16,17],"tags":[8817,2846,11469,11468,11416],"featured_image_src":"https:\/\/www.messinaoggi.it\/website\/wp-content\/uploads\/2025\/07\/IMG-20250701-WA0015.jpg","author_info":{"display_name":"red.me","author_link":"https:\/\/www.messinaoggi.it\/website\/author\/red-me\/"},"digistream_id":0,"digistream":false,"_links":{"self":[{"href":"https:\/\/www.messinaoggi.it\/website\/wp-json\/wp\/v2\/posts\/244347"}],"collection":[{"href":"https:\/\/www.messinaoggi.it\/website\/wp-json\/wp\/v2\/posts"}],"about":[{"href":"https:\/\/www.messinaoggi.it\/website\/wp-json\/wp\/v2\/types\/post"}],"author":[{"embeddable":true,"href":"https:\/\/www.messinaoggi.it\/website\/wp-json\/wp\/v2\/users\/15"}],"replies":[{"embeddable":true,"href":"https:\/\/www.messinaoggi.it\/website\/wp-json\/wp\/v2\/comments?post=244347"}],"version-history":[{"count":1,"href":"https:\/\/www.messinaoggi.it\/website\/wp-json\/wp\/v2\/posts\/244347\/revisions"}],"predecessor-version":[{"id":244348,"href":"https:\/\/www.messinaoggi.it\/website\/wp-json\/wp\/v2\/posts\/244347\/revisions\/244348"}],"wp:featuredmedia":[{"embeddable":true,"href":"https:\/\/www.messinaoggi.it\/website\/wp-json\/wp\/v2\/media\/244349"}],"wp:attachment":[{"href":"https:\/\/www.messinaoggi.it\/website\/wp-json\/wp\/v2\/media?parent=244347"}],"wp:term":[{"taxonomy":"category","embeddable":true,"href":"https:\/\/www.messinaoggi.it\/website\/wp-json\/wp\/v2\/categories?post=244347"},{"taxonomy":"post_tag","embeddable":true,"href":"https:\/\/www.messinaoggi.it\/website\/wp-json\/wp\/v2\/tags?post=244347"}],"curies":[{"name":"wp","href":"https:\/\/api.w.org\/{rel}","templated":true}]}}