{"id":244312,"date":"2025-07-01T00:09:22","date_gmt":"2025-06-30T22:09:22","guid":{"rendered":"https:\/\/www.messinaoggi.it\/website\/2025\/06\/30\/via-libera-al-decreto-flussi-497-mila-ingressi-in-3-anni\/"},"modified":"2025-07-01T08:37:11","modified_gmt":"2025-07-01T06:37:11","slug":"via-libera-al-decreto-flussi-497-mila-ingressi-in-3-anni","status":"publish","type":"post","link":"https:\/\/www.messinaoggi.it\/website\/2025\/07\/01\/via-libera-al-decreto-flussi-497-mila-ingressi-in-3-anni\/","title":{"rendered":"Via libera al decreto flussi, 497 mila ingressi in 3 anni"},"content":{"rendered":"<div>ROMA (ITALPRESS) &#8211; Il <strong>Consiglio dei ministri<\/strong>, su proposta del presidente Giorgia Meloni, del ministro dell&#8217;interno Matteo Piantedosi, del ministro del lavoro e delle politiche sociali Marina Calderone, del ministro degli affari esteri e della cooperazione internazionale Antonio Tajani, del ministro dell&#8217;agricoltura, della sovranit\u00e0 alimentare e delle foreste Francesco Lollobrigida e del ministro del turismo Daniela Santanch\u00e8, ha approvato, in esame preliminare, il<strong> decreto del Presidente del Consiglio dei ministri relativo ai flussi migratori per il triennio 2026-2028<\/strong>, che programma per tale periodo gli ingressi regolari in Italia di lavoratori non comunitari.<div id=\"div-gpt-ad-Messinaoggi.it-DSK-300x250-corpoart\" style=\"text-align:center;margin:0 auto;\"><\/div><\/p>\n<p><em>&#8220;L&#8217;obiettivo del provvedimento \u00e8 di consentire l&#8217;ingresso in Italia di manodopera indispensabile al sistema economico e produttivo nazionale e altrimenti non reperibile<\/em> &#8211; spiega Palazzo Chigi nel comunicato diffuso dopo il Cdm -.<em> Inoltre, con la stabile individuazione di un meccanismo d&#8217;immigrazione legale e controllato, si attivano canali di comunicazione fondamentali nel dialogo con i Paesi di origine dei flussi migratori e si costruisce uno strumento per il contrasto a fenomeni di irregolarit\u00e0 nell&#8217;ingresso e permanenza nel nostro Paese, nella lotta contro il lavoro sommerso e allo sfruttamento dei lavoratori&#8221;.<\/em><div id=\"videoincontent\" style=\"clear:both\";><\/div><\/p>\n<p>Il decreto prevede, per il 2026, 164.850 ingressi autorizzati. Nell&#8217;arco del triennio 2026-2028 le unit\u00e0 autorizzate saranno 497.550, con la seguente ripartizione: lavoro subordinato non stagionale e autonomo, 230.550 unit\u00e0; lavoro stagionale nei settori agricolo e turistico, 267.000 unit\u00e0.<\/p>\n<p>Le quote sono state determinate tenendo conto dei fabbisogni espressi dalle parti sociali e delle domande di nulla osta al lavoro effettivamente presentate negli anni scorsi, con l&#8217;obiettivo di una programmazione che recepisca le esigenze delle imprese e che sia anche realistica.<\/p>\n<p>Resta ferma la volont\u00e0 di incentivare gli ingressi fuori quota, anche nella prospettiva di un ridimensionamento del meccanismo del &#8220;click day&#8221;, che potr\u00e0 avvenire seguendo un percorso graduale, che riguardi anzitutto i profili professionali pi\u00f9 ricercati dai datori di lavoro e che potenzi la formazione dei lavoratori nei Paesi di origine.<\/p>\n<p>&#8211; Foto IPA Agency &#8211;<\/p>\n<p>(ITALPRESS).<\/p><\/div>\n","protected":false},"excerpt":{"rendered":"<p>ROMA (ITALPRESS) &#8211; Il Consiglio dei ministri, su proposta del presidente Giorgia Meloni, del ministro dell&#8217;interno Matteo Piantedosi, del ministro del lavoro e delle politiche sociali Marina Calderone, del ministro degli affari esteri e della cooperazione internazionale Antonio Tajani, del ministro dell&#8217;agricoltura, della sovranit\u00e0 alimentare e delle foreste Francesco Lollobrigida e del ministro del turismo [&hellip;]<\/p>\n","protected":false},"author":18,"featured_media":244313,"comment_status":"closed","ping_status":"closed","sticky":false,"template":"","format":"standard","meta":{"ub_ctt_via":"","_mi_skip_tracking":false},"categories":[446,4],"tags":[783],"featured_image_src":"https:\/\/www.messinaoggi.it\/website\/wp-content\/uploads\/2025\/06\/20250630_2576.jpg","author_info":{"display_name":"Admin","author_link":"https:\/\/www.messinaoggi.it\/website\/author\/admin\/"},"digistream_id":0,"digistream":false,"_links":{"self":[{"href":"https:\/\/www.messinaoggi.it\/website\/wp-json\/wp\/v2\/posts\/244312"}],"collection":[{"href":"https:\/\/www.messinaoggi.it\/website\/wp-json\/wp\/v2\/posts"}],"about":[{"href":"https:\/\/www.messinaoggi.it\/website\/wp-json\/wp\/v2\/types\/post"}],"author":[{"embeddable":true,"href":"https:\/\/www.messinaoggi.it\/website\/wp-json\/wp\/v2\/users\/18"}],"replies":[{"embeddable":true,"href":"https:\/\/www.messinaoggi.it\/website\/wp-json\/wp\/v2\/comments?post=244312"}],"version-history":[{"count":1,"href":"https:\/\/www.messinaoggi.it\/website\/wp-json\/wp\/v2\/posts\/244312\/revisions"}],"predecessor-version":[{"id":244330,"href":"https:\/\/www.messinaoggi.it\/website\/wp-json\/wp\/v2\/posts\/244312\/revisions\/244330"}],"wp:featuredmedia":[{"embeddable":true,"href":"https:\/\/www.messinaoggi.it\/website\/wp-json\/wp\/v2\/media\/244313"}],"wp:attachment":[{"href":"https:\/\/www.messinaoggi.it\/website\/wp-json\/wp\/v2\/media?parent=244312"}],"wp:term":[{"taxonomy":"category","embeddable":true,"href":"https:\/\/www.messinaoggi.it\/website\/wp-json\/wp\/v2\/categories?post=244312"},{"taxonomy":"post_tag","embeddable":true,"href":"https:\/\/www.messinaoggi.it\/website\/wp-json\/wp\/v2\/tags?post=244312"}],"curies":[{"name":"wp","href":"https:\/\/api.w.org\/{rel}","templated":true}]}}