{"id":244304,"date":"2025-07-01T00:09:23","date_gmt":"2025-06-30T22:09:23","guid":{"rendered":"https:\/\/www.messinaoggi.it\/website\/2025\/06\/30\/carceri-nordio-grande-attenzione-alle-parole-di-mattarella\/"},"modified":"2025-07-01T08:37:30","modified_gmt":"2025-07-01T06:37:30","slug":"carceri-nordio-grande-attenzione-alle-parole-di-mattarella","status":"publish","type":"post","link":"https:\/\/www.messinaoggi.it\/website\/2025\/07\/01\/carceri-nordio-grande-attenzione-alle-parole-di-mattarella\/","title":{"rendered":"Carceri, Nordio \u201cGrande attenzione alle parole di Mattarella\u201d"},"content":{"rendered":"<div>ROMA (ITALPRESS) &#8211; <em>&#8220;Grande \u00e8 l&#8217;attenzione per le parole del Capo dello Stato, Sergio Mattarella, sulle criticit\u00e0 del sistema penitenziario. La prevenzione dei fenomeni di autolesionismo e dei suicidi \u00e8 la priorit\u00e0 di questo Governo per quanto riguarda la detenzione. Questi fenomeni traggono origine da molti fattori legati al disagio ed allo sconforto del carcerato. Il governo \u00e8 gi\u00e0 intervenuto e continuer\u00e0 ad intervenire soprattutto per il sostegno psicologico, per il quale abbiamo gi\u00e0 stanziato 3 milioni di euro annui a partire dal 2025. Altri 132 milioni sono stati destinati al lavoro dei detenuti al fine di agevolare il loro reinserimento sociale. Il personale addetto alla prevenzione e controllo \u00e8 stato aumentato di quasi 4.000 unit\u00e0&#8221;.<\/em> Lo afferma in una nota il ministro della Giustizia, <strong>Carlo Nordio<\/strong>.<div id=\"div-gpt-ad-Messinaoggi.it-DSK-300x250-corpoart\" style=\"text-align:center;margin:0 auto;\"><\/div><\/p>\n<p><em>&#8220;Per ridurre il sovraffollamento carcerario il Governo \u00e8 impegnato in tre direzioni: una detenzione differenziata per i tossicodipendenti<\/em> &#8211; prosegue -; <em>l&#8217;espiazione della pena per gli stranieri presso i Paesi di origine; strutture di accoglienza per i detenuti che hanno i requisiti per l&#8217;accesso alle misure alternative alla detenzione ma sono privi delle condizioni socioeconomiche; e soprattutto la riforma della custodia preventiva per i reati non di criminalit\u00e0 organizzata. Infatti, pi\u00f9 del 20% dei detenuti \u00e8 in attesa di giudizio, ed una buona parte di loro alla fine viene assolta. Infine, l&#8217;attivit\u00e0 del Commissario straordinario per l&#8217;edilizia carceraria consentir\u00e0 entro breve tempo un efficace ampliamento delle strutture detentive&#8221;.<\/em><div id=\"videoincontent\" style=\"clear:both\";><\/div><\/p>\n<p>&#8211; Foto IPA Agency &#8211;<\/p>\n<p>(ITALPRESS).<\/p><\/div>\n","protected":false},"excerpt":{"rendered":"<p>ROMA (ITALPRESS) &#8211; &#8220;Grande \u00e8 l&#8217;attenzione per le parole del Capo dello Stato, Sergio Mattarella, sulle criticit\u00e0 del sistema penitenziario. La prevenzione dei fenomeni di autolesionismo e dei suicidi \u00e8 la priorit\u00e0 di questo Governo per quanto riguarda la detenzione. Questi fenomeni traggono origine da molti fattori legati al disagio ed allo sconforto del carcerato. [&hellip;]<\/p>\n","protected":false},"author":18,"featured_media":244305,"comment_status":"closed","ping_status":"closed","sticky":false,"template":"","format":"standard","meta":{"ub_ctt_via":"","_mi_skip_tracking":false},"categories":[446,4],"tags":[783],"featured_image_src":"https:\/\/www.messinaoggi.it\/website\/wp-content\/uploads\/2025\/06\/20250630_2247.jpg","author_info":{"display_name":"Admin","author_link":"https:\/\/www.messinaoggi.it\/website\/author\/admin\/"},"digistream_id":0,"digistream":false,"_links":{"self":[{"href":"https:\/\/www.messinaoggi.it\/website\/wp-json\/wp\/v2\/posts\/244304"}],"collection":[{"href":"https:\/\/www.messinaoggi.it\/website\/wp-json\/wp\/v2\/posts"}],"about":[{"href":"https:\/\/www.messinaoggi.it\/website\/wp-json\/wp\/v2\/types\/post"}],"author":[{"embeddable":true,"href":"https:\/\/www.messinaoggi.it\/website\/wp-json\/wp\/v2\/users\/18"}],"replies":[{"embeddable":true,"href":"https:\/\/www.messinaoggi.it\/website\/wp-json\/wp\/v2\/comments?post=244304"}],"version-history":[{"count":1,"href":"https:\/\/www.messinaoggi.it\/website\/wp-json\/wp\/v2\/posts\/244304\/revisions"}],"predecessor-version":[{"id":244331,"href":"https:\/\/www.messinaoggi.it\/website\/wp-json\/wp\/v2\/posts\/244304\/revisions\/244331"}],"wp:featuredmedia":[{"embeddable":true,"href":"https:\/\/www.messinaoggi.it\/website\/wp-json\/wp\/v2\/media\/244305"}],"wp:attachment":[{"href":"https:\/\/www.messinaoggi.it\/website\/wp-json\/wp\/v2\/media?parent=244304"}],"wp:term":[{"taxonomy":"category","embeddable":true,"href":"https:\/\/www.messinaoggi.it\/website\/wp-json\/wp\/v2\/categories?post=244304"},{"taxonomy":"post_tag","embeddable":true,"href":"https:\/\/www.messinaoggi.it\/website\/wp-json\/wp\/v2\/tags?post=244304"}],"curies":[{"name":"wp","href":"https:\/\/api.w.org\/{rel}","templated":true}]}}