{"id":244264,"date":"2025-06-30T14:19:28","date_gmt":"2025-06-30T12:19:28","guid":{"rendered":"https:\/\/www.messinaoggi.it\/website\/2025\/06\/30\/emergenza-a19-telefonata-tra-schifani-e-lad-di-anas-gemme\/"},"modified":"2025-06-30T14:19:28","modified_gmt":"2025-06-30T12:19:28","slug":"emergenza-a19-telefonata-tra-schifani-e-lad-di-anas-gemme","status":"publish","type":"post","link":"https:\/\/www.messinaoggi.it\/website\/2025\/06\/30\/emergenza-a19-telefonata-tra-schifani-e-lad-di-anas-gemme\/","title":{"rendered":"Emergenza A19, telefonata tra Schifani e l\u2019Ad di Anas Gemme"},"content":{"rendered":"<div>\n<p>PALERMO (ITALPRESS) \u2013 Telefonata stamattina tra il <strong>presidente della Regione, Renato Schifani, e l\u2019amministratore delegato di Anas, Claudio Andrea Gemme<\/strong>. Nel corso del cordiale colloquio si \u00e8 discusso di come poter migliorare la collaborazione tra Anas e la struttura commissariale per la manutenzione sulla A19, guidata dal presidente Schifani.<div id=\"div-gpt-ad-Messinaoggi.it-DSK-300x250-corpoart\" style=\"text-align:center;margin:0 auto;\"><\/div><\/p>\n<p><em><strong>La giornata di emergenza sulla A19 di ieri \u00e8 stata affrontata con prontezza ed efficacia grazie a una sinergia operativa tra Prefettura, Polizia stradale, Protezione civile regionale e Anas,<\/strong> che ha garantito assistenza continua agli automobilisti in difficolt\u00e0. Il dispositivo di intervento, attivo e ben visibile lungo l\u2019asse autostradale e sulla Statale, ha operato in costante raccordo, assicurando risposte tempestive anche nei momenti pi\u00f9 complessi\u201d.<\/em> Lo annuncia il <strong>presidente della Regione Siciliana Renato Schifani.<\/strong><div id=\"videoincontent\" style=\"clear:both\";><\/div><\/p>\n<p>Tra gli interventi pi\u00f9 significativi, il soccorso a una famiglia con una bambina piccola, accompagnata in sicurezza all\u2019Ospedale dei Bambini di Palermo e lo spegnimento immediato di un principio di incendio da parte della Protezione civile, su una scarpata attigua alla carreggiata, senza bisogno di attendere Vigili del fuoco o Forestale. I volontari erano anche pronti per la distribuzione di acqua agli automobilisti in attesa, fortunatamente non necessaria.<\/p>\n<p><em>\u201cIl sistema di assistenza<\/em> \u2013 afferma Schifani \u2013 <em>ha funzionato grazie al coordinamento costante tra le istituzioni. La presenza della Regione e dello Stato \u00e8 stata concreta e i cittadini lo hanno percepito\u201d<\/em>. Il presidente, nella qualit\u00e0 di <strong>commissario straordinario per la A19<\/strong>, ribadisce comunque la necessit\u00e0 di una pi\u00f9 attenta programmazione degli interventi infrastrutturali, auspicando un dialogo pi\u00f9 stretto con Anas per ridurre al minimo i disagi per gli automobilisti.<\/p>\n<p><em>\u201cComprendiamo le difficolt\u00e0 tecniche e operative che comporta la gestione di una rete complessa come quella autostradale siciliana<\/em> \u2013 sottolinea Schifani \u2013<em> ma riteniamo indispensabile una pianificazione pi\u00f9 oculata, specialmente nei periodi di massima mobilit\u00e0. \u00c8 fondamentale che ogni decisione venga condivisa preventivamente con la struttura commissariale, nell\u2019interesse di una collaborazione istituzionale proficua e trasparente\u201d.<\/em><\/p>\n<p>Schifani ha infine voluto esprimere pubblicamente un sentito ringraziamento alla Prefettura, alla Polizia stradale, alle Forze dell\u2019ordine, all\u2019Anas, alla Protezione civile regionale e a tutti i volontari per il grande impegno e la professionalit\u00e0 dimostrati.<\/p>\n<p>-Foto IPA Agency-<br \/>\n(ITALPRESS).<\/p>\n<\/div>\n","protected":false},"excerpt":{"rendered":"<p>PALERMO (ITALPRESS) \u2013 Telefonata stamattina tra il presidente della Regione, Renato Schifani, e l\u2019amministratore delegato di Anas, Claudio Andrea Gemme. Nel corso del cordiale colloquio si \u00e8 discusso di come poter migliorare la collaborazione tra Anas e la struttura commissariale per la manutenzione sulla A19, guidata dal presidente Schifani. La giornata di emergenza sulla A19 [&hellip;]<\/p>\n","protected":false},"author":18,"featured_media":244265,"comment_status":"closed","ping_status":"closed","sticky":false,"template":"","format":"standard","meta":{"ub_ctt_via":"","_mi_skip_tracking":false},"categories":[2449],"tags":[783],"featured_image_src":"https:\/\/www.messinaoggi.it\/website\/wp-content\/uploads\/2025\/06\/anas-a19-viadotto-morello.jpg","author_info":{"display_name":"Admin","author_link":"https:\/\/www.messinaoggi.it\/website\/author\/admin\/"},"digistream_id":0,"digistream":false,"_links":{"self":[{"href":"https:\/\/www.messinaoggi.it\/website\/wp-json\/wp\/v2\/posts\/244264"}],"collection":[{"href":"https:\/\/www.messinaoggi.it\/website\/wp-json\/wp\/v2\/posts"}],"about":[{"href":"https:\/\/www.messinaoggi.it\/website\/wp-json\/wp\/v2\/types\/post"}],"author":[{"embeddable":true,"href":"https:\/\/www.messinaoggi.it\/website\/wp-json\/wp\/v2\/users\/18"}],"replies":[{"embeddable":true,"href":"https:\/\/www.messinaoggi.it\/website\/wp-json\/wp\/v2\/comments?post=244264"}],"version-history":[{"count":0,"href":"https:\/\/www.messinaoggi.it\/website\/wp-json\/wp\/v2\/posts\/244264\/revisions"}],"wp:featuredmedia":[{"embeddable":true,"href":"https:\/\/www.messinaoggi.it\/website\/wp-json\/wp\/v2\/media\/244265"}],"wp:attachment":[{"href":"https:\/\/www.messinaoggi.it\/website\/wp-json\/wp\/v2\/media?parent=244264"}],"wp:term":[{"taxonomy":"category","embeddable":true,"href":"https:\/\/www.messinaoggi.it\/website\/wp-json\/wp\/v2\/categories?post=244264"},{"taxonomy":"post_tag","embeddable":true,"href":"https:\/\/www.messinaoggi.it\/website\/wp-json\/wp\/v2\/tags?post=244264"}],"curies":[{"name":"wp","href":"https:\/\/api.w.org\/{rel}","templated":true}]}}