{"id":244248,"date":"2025-06-30T12:19:23","date_gmt":"2025-06-30T10:19:23","guid":{"rendered":"https:\/\/www.messinaoggi.it\/website\/2025\/06\/30\/a19-schifani-grazie-alla-sinergia-la-giornata-di-emergenza-e-stata-affrontata-con-prontezza\/"},"modified":"2025-06-30T18:26:28","modified_gmt":"2025-06-30T16:26:28","slug":"a19-schifani-grazie-alla-sinergia-la-giornata-di-emergenza-e-stata-affrontata-con-prontezza","status":"publish","type":"post","link":"https:\/\/www.messinaoggi.it\/website\/2025\/06\/30\/a19-schifani-grazie-alla-sinergia-la-giornata-di-emergenza-e-stata-affrontata-con-prontezza\/","title":{"rendered":"A19, Schifani \u201cGrazie alla sinergia la giornata di emergenza \u00e8 stata affrontata con prontezza\u201d"},"content":{"rendered":"<div>\n<p>PALERMO (ITALPRESS) \u2013 <em>\u201c<strong>La giornata di emergenza sulla A19 di ieri \u00e8 stata affrontata con prontezza ed efficacia grazie a una sinergia operativa tra Prefettura, Polizia stradale, Protezione civile regionale e Anas,<\/strong> che ha garantito assistenza continua agli automobilisti in difficolt\u00e0. Il dispositivo di intervento, attivo e ben visibile lungo l\u2019asse autostradale e sulla Statale, ha operato in costante raccordo, assicurando risposte tempestive anche nei momenti pi\u00f9 complessi\u201d.<\/em> Lo annuncia il <strong>presidente della Regione Siciliana Renato Schifani.<\/strong><div id=\"div-gpt-ad-Messinaoggi.it-DSK-300x250-corpoart\" style=\"text-align:center;margin:0 auto;\"><\/div><\/p>\n<p>Tra gli interventi pi\u00f9 significativi, il soccorso a una famiglia con una bambina piccola, accompagnata in sicurezza all\u2019Ospedale dei Bambini di Palermo e lo spegnimento immediato di un principio di incendio da parte della Protezione civile, su una scarpata attigua alla carreggiata, senza bisogno di attendere Vigili del fuoco o Forestale. I volontari erano anche pronti per la distribuzione di acqua agli automobilisti in attesa, fortunatamente non necessaria.<div id=\"videoincontent\" style=\"clear:both\";><\/div><\/p>\n<p><em>\u201cIl sistema di assistenza<\/em> \u2013 afferma Schifani \u2013 <em>ha funzionato grazie al coordinamento costante tra le istituzioni. La presenza della Regione e dello Stato \u00e8 stata concreta e i cittadini lo hanno percepito\u201d<\/em>. Il presidente, nella qualit\u00e0 di <strong>commissario straordinario per la A19<\/strong>, ribadisce comunque la necessit\u00e0 di una pi\u00f9 attenta programmazione degli interventi infrastrutturali, auspicando un dialogo pi\u00f9 stretto con Anas per ridurre al minimo i disagi per gli automobilisti.<\/p>\n<p><em>\u201cComprendiamo le difficolt\u00e0 tecniche e operative che comporta la gestione di una rete complessa come quella autostradale siciliana<\/em> \u2013 sottolinea Schifani \u2013<em> ma riteniamo indispensabile una pianificazione pi\u00f9 oculata, specialmente nei periodi di massima mobilit\u00e0. \u00c8 fondamentale che ogni decisione venga condivisa preventivamente con la struttura commissariale, nell\u2019interesse di una collaborazione istituzionale proficua e trasparente\u201d.<\/em><\/p>\n<p>Schifani ha infine voluto esprimere pubblicamente un sentito ringraziamento alla Prefettura, alla Polizia stradale, alle Forze dell\u2019ordine, all\u2019Anas, alla Protezione civile regionale e a tutti i volontari per il grande impegno e la professionalit\u00e0 dimostrati.<\/p>\n<p>-Foto IPA Agency-<br \/>\n(ITALPRESS).<\/p>\n<\/div>\n","protected":false},"excerpt":{"rendered":"<p>PALERMO (ITALPRESS) \u2013 \u201cLa giornata di emergenza sulla A19 di ieri \u00e8 stata affrontata con prontezza ed efficacia grazie a una sinergia operativa tra Prefettura, Polizia stradale, Protezione civile regionale e Anas, che ha garantito assistenza continua agli automobilisti in difficolt\u00e0. Il dispositivo di intervento, attivo e ben visibile lungo l\u2019asse autostradale e sulla Statale, [&hellip;]<\/p>\n","protected":false},"author":18,"featured_media":244249,"comment_status":"closed","ping_status":"closed","sticky":false,"template":"","format":"standard","meta":{"ub_ctt_via":"","_mi_skip_tracking":false},"categories":[11,2449],"tags":[783],"featured_image_src":"https:\/\/www.messinaoggi.it\/website\/wp-content\/uploads\/2025\/06\/Schifani-1.png","author_info":{"display_name":"Admin","author_link":"https:\/\/www.messinaoggi.it\/website\/author\/admin\/"},"digistream_id":0,"digistream":false,"_links":{"self":[{"href":"https:\/\/www.messinaoggi.it\/website\/wp-json\/wp\/v2\/posts\/244248"}],"collection":[{"href":"https:\/\/www.messinaoggi.it\/website\/wp-json\/wp\/v2\/posts"}],"about":[{"href":"https:\/\/www.messinaoggi.it\/website\/wp-json\/wp\/v2\/types\/post"}],"author":[{"embeddable":true,"href":"https:\/\/www.messinaoggi.it\/website\/wp-json\/wp\/v2\/users\/18"}],"replies":[{"embeddable":true,"href":"https:\/\/www.messinaoggi.it\/website\/wp-json\/wp\/v2\/comments?post=244248"}],"version-history":[{"count":1,"href":"https:\/\/www.messinaoggi.it\/website\/wp-json\/wp\/v2\/posts\/244248\/revisions"}],"predecessor-version":[{"id":244282,"href":"https:\/\/www.messinaoggi.it\/website\/wp-json\/wp\/v2\/posts\/244248\/revisions\/244282"}],"wp:featuredmedia":[{"embeddable":true,"href":"https:\/\/www.messinaoggi.it\/website\/wp-json\/wp\/v2\/media\/244249"}],"wp:attachment":[{"href":"https:\/\/www.messinaoggi.it\/website\/wp-json\/wp\/v2\/media?parent=244248"}],"wp:term":[{"taxonomy":"category","embeddable":true,"href":"https:\/\/www.messinaoggi.it\/website\/wp-json\/wp\/v2\/categories?post=244248"},{"taxonomy":"post_tag","embeddable":true,"href":"https:\/\/www.messinaoggi.it\/website\/wp-json\/wp\/v2\/tags?post=244248"}],"curies":[{"name":"wp","href":"https:\/\/api.w.org\/{rel}","templated":true}]}}