{"id":244245,"date":"2025-06-30T11:36:43","date_gmt":"2025-06-30T09:36:43","guid":{"rendered":"http:\/\/www.messinaoggi.it\/website\/?p=244245"},"modified":"2025-06-30T11:36:44","modified_gmt":"2025-06-30T09:36:44","slug":"la-fauci-ora-sicilia-rodia-e-san-saba-hanno-bisogno-di-parcheggi","status":"publish","type":"post","link":"https:\/\/www.messinaoggi.it\/website\/2025\/06\/30\/la-fauci-ora-sicilia-rodia-e-san-saba-hanno-bisogno-di-parcheggi\/","title":{"rendered":"La Fauci (Ora Sicilia): Rodia e San Saba hanno bisogno di parcheggi"},"content":{"rendered":"\n<p><div id=\"div-gpt-ad-Messinaoggi.it-DSK-300x250-corpoart\" style=\"text-align:center;margin:0 auto;\"><\/div><\/p>\n\n\n\n<p>\u00abRodia e San Saba sono due delle zone balneari pi\u00f9 belle di Messina, ma ogni estate diventano un incubo per la viabilit\u00e0. Strade strette, parcheggi inesistenti, auto sui marciapiedi e traffico paralizzato: non possiamo pi\u00f9 accettare questa situazione. Per questo ho presentato una richiesta formale al sindaco Basile e al vicesindaco Mondello per studiare la realizzazione di parcheggi di interscambio con servizio navetta.<div id=\"videoincontent\" style=\"clear:both\";><\/div><\/p>\n\n\n\n<p>La soluzione esiste gi\u00e0 e funziona: il modello Torri Morandi a Torre Faro ha dimostrato che si pu\u00f2 decongestionare il traffico nelle zone balneari senza penalizzare turisti e residenti. Un parcheggio lontano dalle strade strette collegato con navette bus che portano direttamente in spiaggia. Semplice, efficace, sostenibile.<\/p>\n\n\n\n<p>Ho chiesto all&#8217;amministrazione di valutare aree comunali gi\u00e0 disponibili o terreni da espropriare per pubblica utilit\u00e0. Non si tratta di fantasie, ma di interventi concreti che potrebbero essere realizzati entro la prossima estate se c&#8217;\u00e8 davvero la volont\u00e0 politica.<\/p>\n\n\n\n<p>Rodia e San Saba hanno un potenziale turistico enorme, ma vengono penalizzate da problemi strutturali che si trascinano da anni. Durante l&#8217;estate le auto invadono ogni spazio disponibile, i marciapiedi diventano parcheggi e muoversi diventa un&#8217;impresa. Questo danneggia sia i residenti che i turisti.<\/p>\n\n\n\n<p>La proposta che ho avanzato prevede uno studio di fattibilit\u00e0 completo, un confronto con residenti e operatori economici, e la ricerca di finanziamenti anche europei per progetti di mobilit\u00e0 sostenibile. Non \u00e8 utopia, \u00e8 programmazione seria.<\/p>\n\n\n\n<p>Il successo di Torre Faro dimostra che quando l&#8217;amministrazione vuole trovare soluzioni le trova. Ora mi aspetto la stessa determinazione per Rodia e San Saba. Queste zone meritano interventi all&#8217;altezza della loro bellezza e del loro potenziale turistico\u00bb.<\/p>\n\n\n\n<p>Lo dichiara in una nota il vice presidente supplente del Consiglio comunale, Giandomenico La Fauci (Ora Sicilia).<\/p>\n","protected":false},"excerpt":{"rendered":"<p>\u00abRodia e San Saba sono due delle zone balneari pi\u00f9 belle di Messina, ma ogni estate diventano un incubo per la viabilit\u00e0. Strade strette, parcheggi inesistenti, auto sui marciapiedi e traffico paralizzato: non possiamo pi\u00f9 accettare questa situazione. Per questo ho presentato una richiesta formale al sindaco Basile e al vicesindaco Mondello per studiare la [&hellip;]<\/p>\n","protected":false},"author":2,"featured_media":244246,"comment_status":"open","ping_status":"open","sticky":false,"template":"","format":"standard","meta":{"ub_ctt_via":"","_mi_skip_tracking":false},"categories":[5],"tags":[],"featured_image_src":"https:\/\/www.messinaoggi.it\/website\/wp-content\/uploads\/2025\/06\/IMG_9802.jpeg","author_info":{"display_name":"Redazione","author_link":"https:\/\/www.messinaoggi.it\/website\/author\/redazione\/"},"digistream_id":0,"digistream":false,"_links":{"self":[{"href":"https:\/\/www.messinaoggi.it\/website\/wp-json\/wp\/v2\/posts\/244245"}],"collection":[{"href":"https:\/\/www.messinaoggi.it\/website\/wp-json\/wp\/v2\/posts"}],"about":[{"href":"https:\/\/www.messinaoggi.it\/website\/wp-json\/wp\/v2\/types\/post"}],"author":[{"embeddable":true,"href":"https:\/\/www.messinaoggi.it\/website\/wp-json\/wp\/v2\/users\/2"}],"replies":[{"embeddable":true,"href":"https:\/\/www.messinaoggi.it\/website\/wp-json\/wp\/v2\/comments?post=244245"}],"version-history":[{"count":1,"href":"https:\/\/www.messinaoggi.it\/website\/wp-json\/wp\/v2\/posts\/244245\/revisions"}],"predecessor-version":[{"id":244247,"href":"https:\/\/www.messinaoggi.it\/website\/wp-json\/wp\/v2\/posts\/244245\/revisions\/244247"}],"wp:featuredmedia":[{"embeddable":true,"href":"https:\/\/www.messinaoggi.it\/website\/wp-json\/wp\/v2\/media\/244246"}],"wp:attachment":[{"href":"https:\/\/www.messinaoggi.it\/website\/wp-json\/wp\/v2\/media?parent=244245"}],"wp:term":[{"taxonomy":"category","embeddable":true,"href":"https:\/\/www.messinaoggi.it\/website\/wp-json\/wp\/v2\/categories?post=244245"},{"taxonomy":"post_tag","embeddable":true,"href":"https:\/\/www.messinaoggi.it\/website\/wp-json\/wp\/v2\/tags?post=244245"}],"curies":[{"name":"wp","href":"https:\/\/api.w.org\/{rel}","templated":true}]}}