{"id":24423,"date":"2018-09-19T09:59:12","date_gmt":"2018-09-19T07:59:12","guid":{"rendered":"http:\/\/www.messinaoggi.it\/website\/?p=24423"},"modified":"2018-09-19T09:59:12","modified_gmt":"2018-09-19T07:59:12","slug":"delibera-ecopass-gioveni-grosso-passo-in-avanti-ma-il-testo-va-emendato","status":"publish","type":"post","link":"https:\/\/www.messinaoggi.it\/website\/2018\/09\/19\/delibera-ecopass-gioveni-grosso-passo-in-avanti-ma-il-testo-va-emendato\/","title":{"rendered":"Delibera Ecopass, Gioveni: &quot;Grosso passo in avanti, ma il testo va emendato&quot;"},"content":{"rendered":"<p lang=\"it-IT\"><span style=\"font-family: Arial, sans-serif\">&#8220;<em>Con questo primo atto il sindaco De Luca ha fatto un grosso passo in avanti, perch\u00e9 non ci possiamo affatto precludere la possibilit\u00e0 di riappropriarci di questo\u00a0prezioso tesoretto da impiegare nel delicato settore della viabilit\u00e0 e della pubblica sicurezza<\/em>&#8220;. Cos\u00ec l&#8217;esponente Pd in Consiglio Comunale, <strong>Libero Gioveni<\/strong>, apprendendo con soddisfazione, dopo averlo chiesto nei giorni scorsi, che la giunta De Luca abbia deliberato ieri per reintrodurre l\u2019Ecopass, dando dunque mandato al Dipartimento mobilit\u00e0 urbana di predisporre tutti gli atti necessari. Soddisfatto s\u00ec, ma non del tutto, considerato che il consigliere dem vuole vederci chiaro in riferimento ad alcuni aspetti, primo tra tutti quello relativo a chi debba effettivamente pagare la tassa di attraversamento: &#8220;<em>N<\/em><\/span><span style=\"font-family: Arial, sans-serif\"><em>ella delibera,<\/em> &#8211; spiega Gioveni &#8211;<em> probabilmente per una svista, non risulta in modo chiaro che del pagamento della tassa di attraversamento siano esclusi i residenti!<\/em>&#8220;.<\/span><div id=\"div-gpt-ad-Messinaoggi.it-DSK-300x250-corpoart\" style=\"text-align:center;margin:0 auto;\"><\/div><\/p>\n<p lang=\"it-IT\"><span style=\"font-family: Arial, sans-serif\">&#8220;<em>In secondo luogo,<\/em> &#8211; prosegue il consigliere comunale &#8211;<em> la reintroduzione dell\u2019Ecopass \u00e8 un\u2019occasione troppo ghiotta per non concedere finalmente ai nostri pendolari dello Stretto delle agevolazioni sul prezzo dei biglietti dei vettori pubblici e privati. Pertanto, sperando abbia un parere favorevole da parte del Dirigente, mi far\u00f2 promotore di un emendamento in Consiglio Comunale, finalizzato a stabilire che una percentuale degli introiti dell\u2019Ecopass da stabilire successivamente possa essere utilizzata per compensare una eventuale scontistica che le compagnie\u00a0di navigazione applicherebbero ai pendolari o a tutti i residenti che attraversano lo Stretto!<\/em>&#8220;.<br \/>\n&#8220;<em>Infine,<\/em> &#8211; conclude Gioveni &#8211;<em> occorrer\u00e0 stabilire chi stavolta dovr\u00e0 provvedere materialmente ad incassare\u00a0la tassa per una maggiore trasparenza ed efficienza anche nell\u2019avere una immediata liquidit\u00e0 ed esigibilit\u00e0. Personalmente ho sempre sostenuto la possibilit\u00e0 che l\u2019incasso avvenga attraverso l\u2019impiego degli ausiliari del traffico\u00a0 o comunque direttamente da Palazzo Zanca, per cui anche in questo caso chieder\u00f2 di valutare questa possibilit\u00e0<\/em>&#8220;.<br \/>\n<\/span><div id=\"videoincontent\" style=\"clear:both\";><\/div><\/p>\n","protected":false},"excerpt":{"rendered":"<p>&#8220;Con questo primo atto il sindaco De Luca ha fatto un grosso passo in avanti, perch\u00e9 non ci possiamo affatto precludere la possibilit\u00e0 di riappropriarci di questo\u00a0prezioso tesoretto da impiegare nel delicato settore della viabilit\u00e0 e della pubblica sicurezza&#8220;. Cos\u00ec l&#8217;esponente Pd in Consiglio Comunale, Libero Gioveni, apprendendo con soddisfazione, dopo averlo chiesto nei giorni [&hellip;]<\/p>\n","protected":false},"author":8,"featured_media":23000,"comment_status":"closed","ping_status":"open","sticky":false,"template":"","format":"standard","meta":{"ub_ctt_via":"","_mi_skip_tracking":false},"categories":[4],"tags":[],"featured_image_src":"https:\/\/www.messinaoggi.it\/website\/wp-content\/uploads\/2018\/08\/gioveni-1.jpg","author_info":{"display_name":"red..me","author_link":"https:\/\/www.messinaoggi.it\/website\/author\/redstage\/"},"digistream_id":0,"digistream":false,"_links":{"self":[{"href":"https:\/\/www.messinaoggi.it\/website\/wp-json\/wp\/v2\/posts\/24423"}],"collection":[{"href":"https:\/\/www.messinaoggi.it\/website\/wp-json\/wp\/v2\/posts"}],"about":[{"href":"https:\/\/www.messinaoggi.it\/website\/wp-json\/wp\/v2\/types\/post"}],"author":[{"embeddable":true,"href":"https:\/\/www.messinaoggi.it\/website\/wp-json\/wp\/v2\/users\/8"}],"replies":[{"embeddable":true,"href":"https:\/\/www.messinaoggi.it\/website\/wp-json\/wp\/v2\/comments?post=24423"}],"version-history":[{"count":0,"href":"https:\/\/www.messinaoggi.it\/website\/wp-json\/wp\/v2\/posts\/24423\/revisions"}],"wp:featuredmedia":[{"embeddable":true,"href":"https:\/\/www.messinaoggi.it\/website\/wp-json\/wp\/v2\/media\/23000"}],"wp:attachment":[{"href":"https:\/\/www.messinaoggi.it\/website\/wp-json\/wp\/v2\/media?parent=24423"}],"wp:term":[{"taxonomy":"category","embeddable":true,"href":"https:\/\/www.messinaoggi.it\/website\/wp-json\/wp\/v2\/categories?post=24423"},{"taxonomy":"post_tag","embeddable":true,"href":"https:\/\/www.messinaoggi.it\/website\/wp-json\/wp\/v2\/tags?post=24423"}],"curies":[{"name":"wp","href":"https:\/\/api.w.org\/{rel}","templated":true}]}}