{"id":244197,"date":"2025-06-28T16:19:22","date_gmt":"2025-06-28T14:19:22","guid":{"rendered":"https:\/\/www.messinaoggi.it\/website\/2025\/06\/28\/schifani-riceve-il-presidente-del-cga-de-francisco\/"},"modified":"2025-06-28T16:19:22","modified_gmt":"2025-06-28T14:19:22","slug":"schifani-riceve-il-presidente-del-cga-de-francisco","status":"publish","type":"post","link":"https:\/\/www.messinaoggi.it\/website\/2025\/06\/28\/schifani-riceve-il-presidente-del-cga-de-francisco\/","title":{"rendered":"Schifani riceve il presidente del Cga De Francisco"},"content":{"rendered":"<div>\n<p>PALERMO (ITALPRESS) \u2013 Il presidente della <strong>Regione Siciliana<\/strong>, <strong>Renato<\/strong> <strong>Schifani<\/strong>, ha ricevuto a Palazzo d\u2019Orl\u00e9ans il presidente del <strong>Consiglio di giustizia amministrativa<\/strong> per la Sicilia, <strong>Ermanno de Francisco<\/strong>.<div id=\"div-gpt-ad-Messinaoggi.it-DSK-300x250-corpoart\" style=\"text-align:center;margin:0 auto;\"><\/div><\/p>\n<p>L\u2019incontro ha rappresentato un momento di confronto istituzionale, con particolare attenzione al ruolo del Cga e alle prospettive di collaborazione per garantire un sistema sempre pi\u00f9 equo ed efficiente. Tra i temi affrontati, anche la recente misura voluta dal governo regionale e inserita nella <em>\u201cmanovrina\u201d<\/em> finanziaria approvata dall\u2019Assemblea regionale che prevede la riduzione da 650 a 100 euro del contributo per la proposizione del ricorso straordinario al presidente della Regione da parte dei cittadini con un Isee non superiore a 35mila euro.<div id=\"videoincontent\" style=\"clear:both\";><\/div><\/p>\n<p><em>\u201cQuesta norma<\/em> \u2013 ha dichiarato il presidente <strong>Schifani<\/strong> \u2013<em> \u00e8 un passo importante verso un sistema di giustizia amministrativa pi\u00f9 accessibile e inclusivo. Il ricorso straordinario, previsto dall\u2019ordinamento regionale, rappresenta uno strumento fondamentale di tutela, ma i costi finora elevati ne hanno limitato l\u2019utilizzo da parte dei cittadini economicamente pi\u00f9 fragili. Ridurre il contributo richiesto significa affermare il principio secondo cui la possibilit\u00e0 di difendere i propri diritti non pu\u00f2 essere condizionata dalle disponibilit\u00e0 economiche\u201d.<\/em> Nel corso del colloquio \u00e8 stata ribadita la centralit\u00e0 del Cga come presidio di legalit\u00e0 e organo fondamentale nell\u2019ambito dell\u2019autonomia regionale siciliana.<\/p>\n<p>\u201c<em>A nome mio e del Consiglio di giustizia amministrativa<\/em> \u2013 ha affermato <strong>de Francisco<\/strong> \u2013 <em>desidero esprimere apprezzamento per l\u2019iniziativa del presidente Schifani, che evidenzia una concreta sensibilit\u00e0 verso le esigenze delle fasce pi\u00f9 deboli. \u00c8 un segnale di attenzione al valore della giustizia come bene comune, oltre che un riconoscimento del ruolo svolto dal Cga nel garantire legalit\u00e0, equilibrio e imparzialit\u00e0 nei procedimenti amministrativi\u201d. <\/em><\/p>\n<p>\u2013 Foto Ufficio stampa Regione Siciliana \u2013<\/p>\n<p>(ITALPRESS)<\/p>\n<\/div>\n","protected":false},"excerpt":{"rendered":"<p>PALERMO (ITALPRESS) \u2013 Il presidente della Regione Siciliana, Renato Schifani, ha ricevuto a Palazzo d\u2019Orl\u00e9ans il presidente del Consiglio di giustizia amministrativa per la Sicilia, Ermanno de Francisco. L\u2019incontro ha rappresentato un momento di confronto istituzionale, con particolare attenzione al ruolo del Cga e alle prospettive di collaborazione per garantire un sistema sempre pi\u00f9 equo [&hellip;]<\/p>\n","protected":false},"author":18,"featured_media":244198,"comment_status":"closed","ping_status":"closed","sticky":false,"template":"","format":"standard","meta":{"ub_ctt_via":"","_mi_skip_tracking":false},"categories":[2449],"tags":[783],"featured_image_src":"https:\/\/www.messinaoggi.it\/website\/wp-content\/uploads\/2025\/06\/da-dx-de-Francisco-e-Schifani.jpg","author_info":{"display_name":"Admin","author_link":"https:\/\/www.messinaoggi.it\/website\/author\/admin\/"},"digistream_id":0,"digistream":false,"_links":{"self":[{"href":"https:\/\/www.messinaoggi.it\/website\/wp-json\/wp\/v2\/posts\/244197"}],"collection":[{"href":"https:\/\/www.messinaoggi.it\/website\/wp-json\/wp\/v2\/posts"}],"about":[{"href":"https:\/\/www.messinaoggi.it\/website\/wp-json\/wp\/v2\/types\/post"}],"author":[{"embeddable":true,"href":"https:\/\/www.messinaoggi.it\/website\/wp-json\/wp\/v2\/users\/18"}],"replies":[{"embeddable":true,"href":"https:\/\/www.messinaoggi.it\/website\/wp-json\/wp\/v2\/comments?post=244197"}],"version-history":[{"count":0,"href":"https:\/\/www.messinaoggi.it\/website\/wp-json\/wp\/v2\/posts\/244197\/revisions"}],"wp:featuredmedia":[{"embeddable":true,"href":"https:\/\/www.messinaoggi.it\/website\/wp-json\/wp\/v2\/media\/244198"}],"wp:attachment":[{"href":"https:\/\/www.messinaoggi.it\/website\/wp-json\/wp\/v2\/media?parent=244197"}],"wp:term":[{"taxonomy":"category","embeddable":true,"href":"https:\/\/www.messinaoggi.it\/website\/wp-json\/wp\/v2\/categories?post=244197"},{"taxonomy":"post_tag","embeddable":true,"href":"https:\/\/www.messinaoggi.it\/website\/wp-json\/wp\/v2\/tags?post=244197"}],"curies":[{"name":"wp","href":"https:\/\/api.w.org\/{rel}","templated":true}]}}