{"id":244168,"date":"2025-06-28T14:19:22","date_gmt":"2025-06-28T12:19:22","guid":{"rendered":"https:\/\/www.messinaoggi.it\/website\/2025\/06\/28\/ad-agrigento-sold-out-il-il-concerto-dellorchestra-sinfonica-siciliana\/"},"modified":"2025-06-28T15:17:25","modified_gmt":"2025-06-28T13:17:25","slug":"ad-agrigento-sold-out-il-il-concerto-dellorchestra-sinfonica-siciliana","status":"publish","type":"post","link":"https:\/\/www.messinaoggi.it\/website\/2025\/06\/28\/ad-agrigento-sold-out-il-il-concerto-dellorchestra-sinfonica-siciliana\/","title":{"rendered":"Ad Agrigento sold out il il concerto dell\u2019orchestra sinfonica siciliana"},"content":{"rendered":"<div>\n<p>AGRIGENTO (ITALPRESS) \u2013 Oltre settecento spettatori e lunghi applausi alla fine per una <em>\u201cSinfonia del Nuovo Mondo\u201d<\/em> che sa di ripartenza. Agrigento Capitale Italiana della Cultura ha accolto l\u2019<strong>Orchestra Sinfonica Siciliana<\/strong> al Teatro dell\u2019Efebo, per un concerto offerto alla citt\u00e0 diretto da <strong>Srba Dinic<\/strong> e un programma coinvolgente con pagine di \u00e8ostakovic, Cajkovskij e Dvor\u00dfk.<div id=\"div-gpt-ad-Messinaoggi.it-DSK-300x250-corpoart\" style=\"text-align:center;margin:0 auto;\"><\/div><\/p>\n<p><em>\u201cSiamo felici di esibirci ad Agrigento nell\u2019anno in cui \u00e8 Capitale italiana della cultura<\/em> \u2013 ha detto il commissario straordinario della Sinfonica <strong>Margherita Rizza<\/strong> \u2013 <em>La Sinfonica piace molto e il programma scelto \u00e8 molto coinvolgente, ma sono comunque stupita della risposta e del successo. Speriamo di tornare\u201d<\/em>.<div id=\"videoincontent\" style=\"clear:both\";><\/div><\/p>\n<p><em> \u201cLa risposta della citt\u00e0 \u00e8 stata straordinaria, i biglietti si sono esauriti in pochissime ore, il teatro \u00e8 pienissimo, speriamo sia un nuovo inizio in una citt\u00e0 che merita fortemente questo titolo<\/em> \u2013 intervengono il presidente di Agrigento2025 Maria Teresa Cucinotta e il direttore <strong>Giuseppe Parello<\/strong> \u2013 <em>Ringraziamo la Regione Siciliana che ha voluto fortemente questo evento per promuovere e rendere omaggio alla Capitale Italiana della Cultura\u201d.<\/em><\/p>\n<p>Il concerto si \u00e8 aperto con l\u2019Ouverture festiva op. 96 di Dmitrij, poi il Capriccio italiano op. 45 di P\u00ebtr Il\u2019ic Cajkovskij, e infine uno dei capolavori assoluti del repertorio sinfonico: la Sinfonia n. 9 in mi minore \u201cDal Nuovo Mondo\u201d op. 95 di Anton\u00edn Dvor\u00dfk. Alla fine una degustazione di vini e prodotti del territorio a cura della Strada del Vino della Valle dei Templi.<\/p>\n<p>\u2013 Foto Ufficio stampa Foss \u2013<\/p>\n<p>(ITALPRESS)<\/p>\n<\/div>\n","protected":false},"excerpt":{"rendered":"<p>AGRIGENTO (ITALPRESS) \u2013 Oltre settecento spettatori e lunghi applausi alla fine per una \u201cSinfonia del Nuovo Mondo\u201d che sa di ripartenza. Agrigento Capitale Italiana della Cultura ha accolto l\u2019Orchestra Sinfonica Siciliana al Teatro dell\u2019Efebo, per un concerto offerto alla citt\u00e0 diretto da Srba Dinic e un programma coinvolgente con pagine di \u00e8ostakovic, Cajkovskij e Dvor\u00dfk. [&hellip;]<\/p>\n","protected":false},"author":18,"featured_media":244169,"comment_status":"closed","ping_status":"closed","sticky":false,"template":"","format":"standard","meta":{"ub_ctt_via":"","_mi_skip_tracking":false},"categories":[11,2449],"tags":[783],"featured_image_src":"https:\/\/www.messinaoggi.it\/website\/wp-content\/uploads\/2025\/06\/IMG_3016.jpg","author_info":{"display_name":"Admin","author_link":"https:\/\/www.messinaoggi.it\/website\/author\/admin\/"},"digistream_id":0,"digistream":false,"_links":{"self":[{"href":"https:\/\/www.messinaoggi.it\/website\/wp-json\/wp\/v2\/posts\/244168"}],"collection":[{"href":"https:\/\/www.messinaoggi.it\/website\/wp-json\/wp\/v2\/posts"}],"about":[{"href":"https:\/\/www.messinaoggi.it\/website\/wp-json\/wp\/v2\/types\/post"}],"author":[{"embeddable":true,"href":"https:\/\/www.messinaoggi.it\/website\/wp-json\/wp\/v2\/users\/18"}],"replies":[{"embeddable":true,"href":"https:\/\/www.messinaoggi.it\/website\/wp-json\/wp\/v2\/comments?post=244168"}],"version-history":[{"count":1,"href":"https:\/\/www.messinaoggi.it\/website\/wp-json\/wp\/v2\/posts\/244168\/revisions"}],"predecessor-version":[{"id":244183,"href":"https:\/\/www.messinaoggi.it\/website\/wp-json\/wp\/v2\/posts\/244168\/revisions\/244183"}],"wp:featuredmedia":[{"embeddable":true,"href":"https:\/\/www.messinaoggi.it\/website\/wp-json\/wp\/v2\/media\/244169"}],"wp:attachment":[{"href":"https:\/\/www.messinaoggi.it\/website\/wp-json\/wp\/v2\/media?parent=244168"}],"wp:term":[{"taxonomy":"category","embeddable":true,"href":"https:\/\/www.messinaoggi.it\/website\/wp-json\/wp\/v2\/categories?post=244168"},{"taxonomy":"post_tag","embeddable":true,"href":"https:\/\/www.messinaoggi.it\/website\/wp-json\/wp\/v2\/tags?post=244168"}],"curies":[{"name":"wp","href":"https:\/\/api.w.org\/{rel}","templated":true}]}}