{"id":244166,"date":"2025-06-28T14:09:24","date_gmt":"2025-06-28T12:09:24","guid":{"rendered":"https:\/\/www.messinaoggi.it\/website\/2025\/06\/28\/ucraina-papa-condivido-il-dolore-per-le-vittime-di-guerra-insensata\/"},"modified":"2025-06-28T14:09:24","modified_gmt":"2025-06-28T12:09:24","slug":"ucraina-papa-condivido-il-dolore-per-le-vittime-di-guerra-insensata","status":"publish","type":"post","link":"https:\/\/www.messinaoggi.it\/website\/2025\/06\/28\/ucraina-papa-condivido-il-dolore-per-le-vittime-di-guerra-insensata\/","title":{"rendered":"Ucraina, Papa \u201cCondivido il dolore per le vittime di guerra insensata\u201d"},"content":{"rendered":"<div>ROMA (ITALPRESS) &#8211; <em>&#8220;La fede del vostro Popolo ora \u00e8 messa a dura prova. Molti di voi, da quando \u00e8 iniziata la guerra, sicuramente si sono chiesti: Signore, perch\u00e8 tutto questo? Dove sei? Che cosa dobbiamo fare per salvare le nostre famiglie, le nostre case e la nostra Patria? Credere non significa avere gi\u00e0 tutte le risposte, ma confidare che Dio \u00e8 con noi e ci dona la sua grazia. La Vergine Maria, tanto cara al popolo ucraino, che con il suo umile e coraggioso s\u00ec ha aperto la porta alla redenzione del mondo, ci assicura che anche il nostro s\u00ec, semplice e sincero, pu\u00f2 diventare strumento nelle mani di Dio per realizzare qualcosa di grande. Vi esorto a condividerla con i vostri cari, con i vostri connazionali e con tutti coloro che il Signore vi far\u00e0 incontrare. Dire s\u00ec oggi pu\u00f2 permettere di aprire nuovi orizzonti di fede, di speranza e di pace, soprattutto a tutti quanti sono nel dolore&#8221;.<\/em><div id=\"div-gpt-ad-Messinaoggi.it-DSK-300x250-corpoart\" style=\"text-align:center;margin:0 auto;\"><\/div><\/p>\n<p>Cos\u00ec <strong>Papa Leone XIV<\/strong> ricevendo nella Basilica di San Pietro i pellegrini della Chiesa Greco-Cattolica Ucraina. <em>&#8220;Sorelle e fratelli, accogliendovi qui desidero esprimere la mia vicinanza alla martoriata Ucraina, ai bambini, ai giovani, agli anziani e, in modo particolare, alle famiglie che piangono i propri cari. Condivido il vostro dolore per i prigionieri e le vittime di questa guerra insensata. Affido al Signore le vostre intenzioni, le vostre fatiche e tragedie quotidiane e, soprattutto, i desideri di pace e di serenit\u00e0&#8221;,<\/em> ha concluso il Santo Padre.<div id=\"videoincontent\" style=\"clear:both\";><\/div><\/p>\n<p>-Foto IPA Agency-<\/p>\n<p>(ITALPRESS)<\/p><\/div>\n","protected":false},"excerpt":{"rendered":"<p>ROMA (ITALPRESS) &#8211; &#8220;La fede del vostro Popolo ora \u00e8 messa a dura prova. Molti di voi, da quando \u00e8 iniziata la guerra, sicuramente si sono chiesti: Signore, perch\u00e8 tutto questo? Dove sei? Che cosa dobbiamo fare per salvare le nostre famiglie, le nostre case e la nostra Patria? Credere non significa avere gi\u00e0 tutte [&hellip;]<\/p>\n","protected":false},"author":18,"featured_media":244167,"comment_status":"closed","ping_status":"closed","sticky":false,"template":"","format":"standard","meta":{"ub_ctt_via":"","_mi_skip_tracking":false},"categories":[446],"tags":[783],"featured_image_src":"https:\/\/www.messinaoggi.it\/website\/wp-content\/uploads\/2025\/06\/20250628_0781.jpg","author_info":{"display_name":"Admin","author_link":"https:\/\/www.messinaoggi.it\/website\/author\/admin\/"},"digistream_id":0,"digistream":false,"_links":{"self":[{"href":"https:\/\/www.messinaoggi.it\/website\/wp-json\/wp\/v2\/posts\/244166"}],"collection":[{"href":"https:\/\/www.messinaoggi.it\/website\/wp-json\/wp\/v2\/posts"}],"about":[{"href":"https:\/\/www.messinaoggi.it\/website\/wp-json\/wp\/v2\/types\/post"}],"author":[{"embeddable":true,"href":"https:\/\/www.messinaoggi.it\/website\/wp-json\/wp\/v2\/users\/18"}],"replies":[{"embeddable":true,"href":"https:\/\/www.messinaoggi.it\/website\/wp-json\/wp\/v2\/comments?post=244166"}],"version-history":[{"count":0,"href":"https:\/\/www.messinaoggi.it\/website\/wp-json\/wp\/v2\/posts\/244166\/revisions"}],"wp:featuredmedia":[{"embeddable":true,"href":"https:\/\/www.messinaoggi.it\/website\/wp-json\/wp\/v2\/media\/244167"}],"wp:attachment":[{"href":"https:\/\/www.messinaoggi.it\/website\/wp-json\/wp\/v2\/media?parent=244166"}],"wp:term":[{"taxonomy":"category","embeddable":true,"href":"https:\/\/www.messinaoggi.it\/website\/wp-json\/wp\/v2\/categories?post=244166"},{"taxonomy":"post_tag","embeddable":true,"href":"https:\/\/www.messinaoggi.it\/website\/wp-json\/wp\/v2\/tags?post=244166"}],"curies":[{"name":"wp","href":"https:\/\/api.w.org\/{rel}","templated":true}]}}