{"id":244126,"date":"2025-06-28T00:09:22","date_gmt":"2025-06-27T22:09:22","guid":{"rendered":"https:\/\/www.messinaoggi.it\/website\/2025\/06\/28\/anas-cerimonia-di-apertura-per-il-nuovo-tunnel-di-tenda\/"},"modified":"2025-06-28T00:09:22","modified_gmt":"2025-06-27T22:09:22","slug":"anas-cerimonia-di-apertura-per-il-nuovo-tunnel-di-tenda","status":"publish","type":"post","link":"https:\/\/www.messinaoggi.it\/website\/2025\/06\/28\/anas-cerimonia-di-apertura-per-il-nuovo-tunnel-di-tenda\/","title":{"rendered":"Anas, cerimonia di apertura per il nuovo tunnel di Tenda"},"content":{"rendered":"<div>TORINO (ITALPRESS) &#8211; Si \u00e8 svolta venerd\u00ec 27 giugno la cerimonia che anticipa l&#8217;apertura al transito del nuovo tunnel di Tenda, lungo la strada statale 20 &#8220;del Colle di Tenda e di Valle Roja&#8221;.<br \/>\nIl nuovo tunnel sar\u00e0 aperto al traffico nella giornata di sabato 28 giugno, dalle 12:00 alle 21:00. Domenica 29 apertura al traffico 06:00-21:00 e tutti i week end successivi.<br \/>\nNei giorni feriali le aperture saranno previste nelle seguenti fasce orarie: dalle 06:00 alle 09:00; dalle 12:30 alle 14:30; dalle 18:00 alle 22:00. Il 16\/17 luglio nuovo tavolo con i francesi per l&#8217;estensione dal 18 luglio dell&#8217;orario 06:00-21:00 per tutta l&#8217;estate.<br \/>\nIl transito all&#8217;interno del nuovo tunnel sar\u00e0 regolato a senso unico alternato. Fino a settembre 2025 \u00e8 previsto il divieto di transito ai veicoli con peso superiore a 3,5 tonnellate. Questa interdizione \u00e8 disposta in via precauzionale e sar\u00e0 eliminata una volta che tutte le installazioni della galleria &#8211; gi\u00e0 realizzate e collaudate &#8211; saranno gestite dal programma centralizzato della galleria.<br \/>\nL&#8217;ultimazione degli interventi \u00e8 prevista per la primavera 2026.<br \/>\nL&#8217;evento si \u00e8 svolto alla presenza del Ministro delle Infrastrutture e dei Trasporti Matteo Salvini e del Ministro dei Trasporti francese Philippe Tabarot. Presenti il Viceministro delle Infrastrutture e dei Trasporti Edoardo Rixi, il Presidente della Regione Piemonte Alberto Cirio e della Regione Liguria Marco Bucci e il Prefetto di Cuneo Mario Savastano.<br \/>\nHanno partecipato alla cerimonia i membri delle delegazioni italiana e francese della Conferenza Intergovernativa Italia-Francia, i rappresentanti delle Forze dell&#8217;Ordine e degli Enti locali regionali e provinciali e i primi cittadini del territorio, in particolare il Sindaco di Limone Piemonte, Massimo Riberi, e di Tenda, Jean-Pierre Vassallo. Presenti il Commissario di Governo, Nicola Prisco, e i rappresentanti dell&#8217;Impresa Consorzio Stabile Edilmaco. Hanno partecipato per Anas (societ\u00e0 del Gruppo FS Italiane) l&#8217;Amministratore Delegato Claudio Andrea Gemme, il Presidente Giuseppe Pecoraro, il Responsabile della Struttura Territoriale del Piemonte e della Valle d&#8217;Aosta Angelo Gemelli.<br \/>\nL&#8217;apertura al traffico del nuovo tunnel di Tenda ripristiner\u00e0 il collegamento tra Italia e Francia attraverso le valli Vermenagna e Roja, interrotto nell&#8217;autunno del 2020 dalla devastazione provocata dalla tempesta Alex. L&#8217;apertura ha ricadute positive su ampi territori poich\u00e8 ristabilisce il collegamento pi\u00f9 breve tra la provincia di Cuneo, l&#8217;Imperiese e la Costa Azzurra.<br \/>\nLa nuova galleria \u00e8 lunga 3.200 metri con una carreggiata larga complessivamente 6,5 metri che ospita una corsia di marcia di 3,5 metri, una corsia di emergenza di 2,7 metri e una banchina di 0,3 metri. Il tunnel \u00e8 dotato degli impianti pi\u00f9 moderni in termini di dotazioni di sicurezza con specifiche installazioni per la rilevazione degli incendi e sensori per la rilevazione dei gas e del particolato nell&#8217;aria. Gli impianti comunicano con la Sala Operativa Territoriale Anas di Torino e con le altre dotazioni del tunnel come i pannelli a messaggio variabile per la diffusione in tempo reale di messaggi di servizio.<br \/>\nIn seguito all&#8217;alluvione del 2020 si \u00e8 reso necessario attivare, sotto l&#8217;egida della Conferenza Intergovernativa Italia-Francia, la progettazione e la costruzione di opere non previste rispetto al progetto originario del nuovo tunnel, compreso il ponte sul rio della C\u00e0, a breve distanza dall&#8217;imbocco francese. La nuova infrastruttura, progettata e costruita dopo il crollo del viadotto storico durante gli eventi alluvionali, \u00e8 lunga 66 metri ed \u00e8 realizzata in acciaio.<br \/>\nA partire dal 2023 l&#8217;impulso nelle lavorazioni ha dato una svolta all&#8217;avanzamento degli interventi che si \u00e8 concretizzato con lo sfondo del diaframma, il completamento dei rivestimenti della nuova galleria compresa la deviazione dell&#8217;imbocco sul versante francese e la costruzione del ponte lato Francia.<br \/>\nL&#8217;investimento complessivo per la realizzazione dei lavori di costruzione del nuovo tunnel di Tenda, compresi gli interventi post-alluvione e le opere esterne lato Italia e lato Francia, ammonta a circa 210 milioni di euro.<div id=\"div-gpt-ad-Messinaoggi.it-DSK-300x250-corpoart\" style=\"text-align:center;margin:0 auto;\"><\/div><\/p>\n<p>&#8211; News in collaborazione con Anas &#8211;<br \/>\n&#8211; Foto ufficio stampa Anas &#8211;<div id=\"videoincontent\" style=\"clear:both\";><\/div><\/p>\n<p>(ITALPRESS).<\/p><\/div>\n","protected":false},"excerpt":{"rendered":"<p>TORINO (ITALPRESS) &#8211; Si \u00e8 svolta venerd\u00ec 27 giugno la cerimonia che anticipa l&#8217;apertura al transito del nuovo tunnel di Tenda, lungo la strada statale 20 &#8220;del Colle di Tenda e di Valle Roja&#8221;. Il nuovo tunnel sar\u00e0 aperto al traffico nella giornata di sabato 28 giugno, dalle 12:00 alle 21:00. Domenica 29 apertura al [&hellip;]<\/p>\n","protected":false},"author":18,"featured_media":244127,"comment_status":"closed","ping_status":"closed","sticky":false,"template":"","format":"standard","meta":{"ub_ctt_via":"","_mi_skip_tracking":false},"categories":[446],"tags":[783],"featured_image_src":"https:\/\/www.messinaoggi.it\/website\/wp-content\/uploads\/2025\/06\/20250627_2292.jpg","author_info":{"display_name":"Admin","author_link":"https:\/\/www.messinaoggi.it\/website\/author\/admin\/"},"digistream_id":0,"digistream":false,"_links":{"self":[{"href":"https:\/\/www.messinaoggi.it\/website\/wp-json\/wp\/v2\/posts\/244126"}],"collection":[{"href":"https:\/\/www.messinaoggi.it\/website\/wp-json\/wp\/v2\/posts"}],"about":[{"href":"https:\/\/www.messinaoggi.it\/website\/wp-json\/wp\/v2\/types\/post"}],"author":[{"embeddable":true,"href":"https:\/\/www.messinaoggi.it\/website\/wp-json\/wp\/v2\/users\/18"}],"replies":[{"embeddable":true,"href":"https:\/\/www.messinaoggi.it\/website\/wp-json\/wp\/v2\/comments?post=244126"}],"version-history":[{"count":0,"href":"https:\/\/www.messinaoggi.it\/website\/wp-json\/wp\/v2\/posts\/244126\/revisions"}],"wp:featuredmedia":[{"embeddable":true,"href":"https:\/\/www.messinaoggi.it\/website\/wp-json\/wp\/v2\/media\/244127"}],"wp:attachment":[{"href":"https:\/\/www.messinaoggi.it\/website\/wp-json\/wp\/v2\/media?parent=244126"}],"wp:term":[{"taxonomy":"category","embeddable":true,"href":"https:\/\/www.messinaoggi.it\/website\/wp-json\/wp\/v2\/categories?post=244126"},{"taxonomy":"post_tag","embeddable":true,"href":"https:\/\/www.messinaoggi.it\/website\/wp-json\/wp\/v2\/tags?post=244126"}],"curies":[{"name":"wp","href":"https:\/\/api.w.org\/{rel}","templated":true}]}}