{"id":244105,"date":"2025-06-28T00:04:31","date_gmt":"2025-06-27T22:04:31","guid":{"rendered":"https:\/\/www.messinaoggi.it\/website\/2025\/06\/27\/tamajo-apre-i-digital-design-days-a-palermo-laboratorio-per-il-futuro\/"},"modified":"2025-06-28T15:19:24","modified_gmt":"2025-06-28T13:19:24","slug":"tamajo-apre-i-digital-design-days-a-palermo-laboratorio-per-il-futuro","status":"publish","type":"post","link":"https:\/\/www.messinaoggi.it\/website\/2025\/06\/28\/tamajo-apre-i-digital-design-days-a-palermo-laboratorio-per-il-futuro\/","title":{"rendered":"Tamajo apre i Digital design days a Palermo, \u201cLaboratorio per il futuro\u201d"},"content":{"rendered":"<div>\n<p>PALERMO (ITALPRESS) \u2013 L\u2019assessore regionale alle Attivit\u00e0 Produttive, Edy <strong>Tamajo,<\/strong> ha inaugurato questa mattina ai Cantieri culturali alla Zisa di Palermo i<strong> \u201cDigital design days\u201d,<\/strong> evento internazionale dedicato all\u2019innovazione, alla creativit\u00e0 digitale e al design contemporaneo. <em>\u201cQuesto<\/em> \u2013 ha detto Tamajo \u2013<em> \u00e8 un laboratorio per il futuro. La missione delle istituzioni che qui rappresento \u00e8 quella di creare opportunit\u00e0 vere per chi vuole restare e cambiare le cose. La Sicilia ha bisogno di giovani liberi, visionari e concreti, capaci di costruire imprese culturali e digitali, di trasformare idee in lavoro. Il governo Schifani \u00e8 al loro fianco, non per fare da guida, ma per togliere ostacoli dal loro cammino. Questa manifestazione \u00e8 il segno concreto che qualcosa si sta muovendo\u201d.<\/em><div id=\"div-gpt-ad-Messinaoggi.it-DSK-300x250-corpoart\" style=\"text-align:center;margin:0 auto;\"><\/div><\/p>\n<p>I \u201cDigital design days\u201d sono organizzati in collaborazione con l\u2019assessorato regionale alle Attivit\u00e0 produttive all\u2019interno di una strategia pi\u00f9 ampia di sostegno all\u2019innovazione, all\u2019imprenditoria giovanile e allo sviluppo delle filiere creative e digitali. L\u2019iniziativa continuer\u00e0 anche domani (28 giugno) con workshop, installazioni immersive, talk e momenti di networking.<div id=\"videoincontent\" style=\"clear:both\";><\/div><\/p>\n<p>\u2013 foto ufficio stampa Edy Tamajo \u2013<\/p>\n<p>(ITALPRESS).<\/p>\n<\/div>\n","protected":false},"excerpt":{"rendered":"<p>PALERMO (ITALPRESS) \u2013 L\u2019assessore regionale alle Attivit\u00e0 Produttive, Edy Tamajo, ha inaugurato questa mattina ai Cantieri culturali alla Zisa di Palermo i \u201cDigital design days\u201d, evento internazionale dedicato all\u2019innovazione, alla creativit\u00e0 digitale e al design contemporaneo. \u201cQuesto \u2013 ha detto Tamajo \u2013 \u00e8 un laboratorio per il futuro. La missione delle istituzioni che qui rappresento [&hellip;]<\/p>\n","protected":false},"author":18,"featured_media":244106,"comment_status":"closed","ping_status":"closed","sticky":false,"template":"","format":"standard","meta":{"ub_ctt_via":"","_mi_skip_tracking":false},"categories":[11,2449],"tags":[783],"featured_image_src":"https:\/\/www.messinaoggi.it\/website\/wp-content\/uploads\/2025\/06\/Tamajo.jpg","author_info":{"display_name":"Admin","author_link":"https:\/\/www.messinaoggi.it\/website\/author\/admin\/"},"digistream_id":0,"digistream":false,"_links":{"self":[{"href":"https:\/\/www.messinaoggi.it\/website\/wp-json\/wp\/v2\/posts\/244105"}],"collection":[{"href":"https:\/\/www.messinaoggi.it\/website\/wp-json\/wp\/v2\/posts"}],"about":[{"href":"https:\/\/www.messinaoggi.it\/website\/wp-json\/wp\/v2\/types\/post"}],"author":[{"embeddable":true,"href":"https:\/\/www.messinaoggi.it\/website\/wp-json\/wp\/v2\/users\/18"}],"replies":[{"embeddable":true,"href":"https:\/\/www.messinaoggi.it\/website\/wp-json\/wp\/v2\/comments?post=244105"}],"version-history":[{"count":1,"href":"https:\/\/www.messinaoggi.it\/website\/wp-json\/wp\/v2\/posts\/244105\/revisions"}],"predecessor-version":[{"id":244189,"href":"https:\/\/www.messinaoggi.it\/website\/wp-json\/wp\/v2\/posts\/244105\/revisions\/244189"}],"wp:featuredmedia":[{"embeddable":true,"href":"https:\/\/www.messinaoggi.it\/website\/wp-json\/wp\/v2\/media\/244106"}],"wp:attachment":[{"href":"https:\/\/www.messinaoggi.it\/website\/wp-json\/wp\/v2\/media?parent=244105"}],"wp:term":[{"taxonomy":"category","embeddable":true,"href":"https:\/\/www.messinaoggi.it\/website\/wp-json\/wp\/v2\/categories?post=244105"},{"taxonomy":"post_tag","embeddable":true,"href":"https:\/\/www.messinaoggi.it\/website\/wp-json\/wp\/v2\/tags?post=244105"}],"curies":[{"name":"wp","href":"https:\/\/api.w.org\/{rel}","templated":true}]}}