{"id":244096,"date":"2025-06-28T01:09:25","date_gmt":"2025-06-27T23:09:25","guid":{"rendered":"https:\/\/www.messinaoggi.it\/website\/2025\/06\/27\/benigni-torna-su-rai1-per-raccontare-san-pietro\/"},"modified":"2025-06-28T15:19:39","modified_gmt":"2025-06-28T13:19:39","slug":"benigni-torna-su-rai1-per-raccontare-san-pietro","status":"publish","type":"post","link":"https:\/\/www.messinaoggi.it\/website\/2025\/06\/28\/benigni-torna-su-rai1-per-raccontare-san-pietro\/","title":{"rendered":"Benigni torna su Rai1 per raccontare San Pietro"},"content":{"rendered":"<div>NAPOLI (ITALPRESS) &#8211;<strong> <em>&#8220;Roberto Benigni racconter\u00e0 Pietro dall&#8217;interno della Citt\u00e0 del Vaticano&#8221;<\/em>.<\/strong> Lo far\u00e0 in una serata evento che andr\u00e0 in onda a dicembre, su <strong>Rai1<\/strong>, in occasione della chiusura del Giubileo.<div id=\"div-gpt-ad-Messinaoggi.it-DSK-300x250-corpoart\" style=\"text-align:center;margin:0 auto;\"><\/div><\/p>\n<p>Lo ha annunciato l&#8217;ad Rai Giampaolo Rossi durante la presentazione dei palinsesti 2025-2026 che si \u00e8 svolta questa mattina nel Centro di Produzione Rai di Napoli. <em>&#8220;Benigni \u00e8 un maestro della nostra cultura di cui ho voluto fortemente il ritorno in Rai da dove mancava da un decennio. Si far\u00e0 interprete della figura di Pietro, il primo pellegrino e fondatore della Chiesa universale con un racconto che unisce la bellezza dell&#8217;arte alla profondit\u00e0 della fede&#8221;.<\/em><div id=\"videoincontent\" style=\"clear:both\";><\/div><\/p>\n<h3><b>WHOOPY GOLDBERG ENTRA NEL CAST DI &#8220;UN POSTO AL SOLE&#8221;<\/b><\/h3>\n<p><em>&#8220;Sono felice di unirmi al cast di<strong> &#8220;Un posto al sole&#8221;<\/strong>. Loro sanno che \u00e8 un&#8217;idea folle ma \u00e8 meraviglioso da fare. Non vedo l&#8217;ora. Sono emozionata, so che il mio italiano non \u00e8 perfetto ma ci siamo riusciti&#8221;<\/em>: intervenendo con un video alla presentazione dei palinsesti 2025-2026 che si \u00e8 svolta questa mattina nel Centro di Produzione Rai di Napoli, <strong>Whoopy Goldberg<\/strong> ha annunciato cos\u00ec il suo ingresso nel cast della soap pi\u00f9 longeva della televisione italiana. La direttrice di Rai Fiction ha anticipato: <em>&#8220;Stiamo scrivendo la linea del personaggio di Whoopy, sar\u00e0 molto singolare. Ci sar\u00e0 anche del mistery e ci sar\u00e0 un incontro anche sentimentale tra lei e uno dei protagonisti di &#8220;Un posto al sole&#8221;&#8221;<\/em>.<\/p>\n<h3><b>ROSSI &#8220;FIDUCIOSI PER SANREMO MA RAI PUO&#8217; FARE IL SUO FESTIVAL OVUNQUE&#8221;<\/b><\/h3>\n<p><em>&#8220;Attendiamo l&#8217;esito del bando e la risposta del Comune e siamo fiduciosi ma stiamo gi\u00e0 iniziando a lavorare per il prossimo Festival che Rai pu\u00f2 fare ovunque grazie alla sua macchina organizzativa e produttiva&#8221;:<\/em> cos\u00ec l&#8217;<strong>amministratore delegato della Rai Giampaolo Rossi durante la presentazione dei palinsesti Rai 2025-2026<\/strong>. Per Rossi &#8220;<em>il tema del Festival di Sanremo \u00e8 centrale nell&#8217;identit\u00e0 della Rai. E&#8217; il Festival di Sanremo ma \u00e8 soprattutto il Festival della Rai. Senza la Rai non esisterebbe non solo per quello che la Rai ha fatto per il Festival ma anche a livello produttivo. \u00c8 difficile che in Europa ci siano broadcaster in grado di mettere in piedi uno show cos\u00ec ogni anno in spazi che, al di l\u00e0 del valore storico del teatro Ariston, non sono adeguatissimi per uno show di questo tipo. E non \u00e8 un caso<\/em> &#8211; ha aggiunto &#8211;<em> che nel bando del Comune tra i broadcaster che potevano partecipare in Italia c&#8217;\u00e8 solo la Rai&#8221;.<\/em> Rossi ha concluso:<strong><em> &#8220;Ovvio che la Rai far\u00e0 un Festival anche se, come invece noi pensiamo, non dovesse essere a Sanremo&#8221;.<\/em><\/strong><\/p>\n<p>-foto Ipa Agency &#8211;<\/p>\n<p>(ITALPRESS).<\/p><\/div>\n","protected":false},"excerpt":{"rendered":"<p>NAPOLI (ITALPRESS) &#8211; &#8220;Roberto Benigni racconter\u00e0 Pietro dall&#8217;interno della Citt\u00e0 del Vaticano&#8221;. Lo far\u00e0 in una serata evento che andr\u00e0 in onda a dicembre, su Rai1, in occasione della chiusura del Giubileo. Lo ha annunciato l&#8217;ad Rai Giampaolo Rossi durante la presentazione dei palinsesti 2025-2026 che si \u00e8 svolta questa mattina nel Centro di Produzione [&hellip;]<\/p>\n","protected":false},"author":18,"featured_media":244097,"comment_status":"closed","ping_status":"closed","sticky":false,"template":"","format":"standard","meta":{"ub_ctt_via":"","_mi_skip_tracking":false},"categories":[446,17],"tags":[783],"featured_image_src":"https:\/\/www.messinaoggi.it\/website\/wp-content\/uploads\/2025\/06\/20250627_0972.jpg","author_info":{"display_name":"Admin","author_link":"https:\/\/www.messinaoggi.it\/website\/author\/admin\/"},"digistream_id":0,"digistream":false,"_links":{"self":[{"href":"https:\/\/www.messinaoggi.it\/website\/wp-json\/wp\/v2\/posts\/244096"}],"collection":[{"href":"https:\/\/www.messinaoggi.it\/website\/wp-json\/wp\/v2\/posts"}],"about":[{"href":"https:\/\/www.messinaoggi.it\/website\/wp-json\/wp\/v2\/types\/post"}],"author":[{"embeddable":true,"href":"https:\/\/www.messinaoggi.it\/website\/wp-json\/wp\/v2\/users\/18"}],"replies":[{"embeddable":true,"href":"https:\/\/www.messinaoggi.it\/website\/wp-json\/wp\/v2\/comments?post=244096"}],"version-history":[{"count":1,"href":"https:\/\/www.messinaoggi.it\/website\/wp-json\/wp\/v2\/posts\/244096\/revisions"}],"predecessor-version":[{"id":244190,"href":"https:\/\/www.messinaoggi.it\/website\/wp-json\/wp\/v2\/posts\/244096\/revisions\/244190"}],"wp:featuredmedia":[{"embeddable":true,"href":"https:\/\/www.messinaoggi.it\/website\/wp-json\/wp\/v2\/media\/244097"}],"wp:attachment":[{"href":"https:\/\/www.messinaoggi.it\/website\/wp-json\/wp\/v2\/media?parent=244096"}],"wp:term":[{"taxonomy":"category","embeddable":true,"href":"https:\/\/www.messinaoggi.it\/website\/wp-json\/wp\/v2\/categories?post=244096"},{"taxonomy":"post_tag","embeddable":true,"href":"https:\/\/www.messinaoggi.it\/website\/wp-json\/wp\/v2\/tags?post=244096"}],"curies":[{"name":"wp","href":"https:\/\/api.w.org\/{rel}","templated":true}]}}