{"id":243913,"date":"2025-06-26T09:39:11","date_gmt":"2025-06-26T07:39:11","guid":{"rendered":"http:\/\/www.messinaoggi.it\/website\/?p=243913"},"modified":"2025-06-26T09:39:12","modified_gmt":"2025-06-26T07:39:12","slug":"via-santa-marta-chiusa-gioveni-quanto-si-deve-aspettare","status":"publish","type":"post","link":"https:\/\/www.messinaoggi.it\/website\/2025\/06\/26\/via-santa-marta-chiusa-gioveni-quanto-si-deve-aspettare\/","title":{"rendered":"Via Santa Marta chiusa, Gioveni: &#8220;Quanto si deve aspettare?&#8221;"},"content":{"rendered":"\n<p>\u201cQuanto bisogner\u00e0 ancora attendere per la riapertura della via Santa Marta chiusa esattamente da due settimane?\u00a0<div id=\"div-gpt-ad-Messinaoggi.it-DSK-300x250-corpoart\" style=\"text-align:center;margin:0 auto;\"><\/div><\/p>\n\n\n\n<p>E\u2019 questo il principale interrogativo che il sottoscritto, consigliere comunale <strong>Libero Gioveni<\/strong>, capogruppo di Fratelli d\u2019Italia, rivolge al presidente di Amam Alibrandi dopo i cedimenti strutturali che il 12 giugno scorso hanno determinato la totale inibizione dell\u2019arteria nella parte a monte.\u00a0So bene che non si tratta di un intervento di poco conto\u00a0 &#8211; afferma Gioveni &#8211; anche perch\u00e9 io stesso il giorno dopo la chiusura ricordai che la causa principale di questo scempio strutturale \u00e8 legata presumibilmente al sovraccarico di reflui proveniente dal collettore fognario del torrente Bisconte-Catarratti che venne collegato con l\u2019esistente e certamente incapiente impianto di via Santa Marta, ma per la viabilit\u00e0 nella caotica zona della vallata di Camaro e del comprensorio viale Europa &#8211; via Cesare Battisti &#8211; viale Italia, riaprire l\u2019arteria diventa un fatto improcrastinabile!\u00a0Peraltro \u2013 prosegue il consigliere \u2013 in pi\u00f9 occasioni il sottoscritto, insieme alla vicepresidente della 4^ Municipalit\u00e0 Debora Buda, avevamo chiesto maggiore attenzione all\u2019Amministrazione anche sullo stato di manutenzione della sede stradale!\u00a0La mia preoccupazione, che certamente \u00e8 resa viva dalle continue rimostranze di tantissimi residenti ed anche commercianti della zona \u2013 insiste l\u2019esponente di Fratelli d\u2019Italia \u2013 \u00e8 legata soprattutto all\u2019inerzia o all\u2019immobilismo che sembrano regnare sulla vicenda, quanto meno apparentemente visto che di mezzi che lavorano, a distanza di due settimane dalla chiusura, non sembra esservi traccia!\u00a0Chiedo pertanto ad Amam e Amministrazione una forte accelerazione sugli interventi da eseguire sui sottoservizi e sulla sede stradale di via Santa Marta \u2013 conclude Gioveni \u2013 perch\u00e9 il caos viario che ne consegue, aggravato attualmente anche dalla presenza di tir che impazzano in citt\u00e0, non pu\u00f2 pi\u00f9 essere tollerato&#8221;.<div id=\"videoincontent\" style=\"clear:both\";><\/div><\/p>\n","protected":false},"excerpt":{"rendered":"<p>\u201cQuanto bisogner\u00e0 ancora attendere per la riapertura della via Santa Marta chiusa esattamente da due settimane?\u00a0 E\u2019 questo il principale interrogativo che il sottoscritto, consigliere comunale Libero Gioveni, capogruppo di Fratelli d\u2019Italia, rivolge al presidente di Amam Alibrandi dopo i cedimenti strutturali che il 12 giugno scorso hanno determinato la totale inibizione dell\u2019arteria nella parte [&hellip;]<\/p>\n","protected":false},"author":2,"featured_media":43341,"comment_status":"open","ping_status":"open","sticky":false,"template":"","format":"standard","meta":{"ub_ctt_via":"","_mi_skip_tracking":false},"categories":[5],"tags":[],"featured_image_src":"https:\/\/www.messinaoggi.it\/website\/wp-content\/uploads\/2020\/05\/libero-gioveni-in-aula-messinaoggi.jpg","author_info":{"display_name":"Redazione","author_link":"https:\/\/www.messinaoggi.it\/website\/author\/redazione\/"},"digistream_id":0,"digistream":false,"_links":{"self":[{"href":"https:\/\/www.messinaoggi.it\/website\/wp-json\/wp\/v2\/posts\/243913"}],"collection":[{"href":"https:\/\/www.messinaoggi.it\/website\/wp-json\/wp\/v2\/posts"}],"about":[{"href":"https:\/\/www.messinaoggi.it\/website\/wp-json\/wp\/v2\/types\/post"}],"author":[{"embeddable":true,"href":"https:\/\/www.messinaoggi.it\/website\/wp-json\/wp\/v2\/users\/2"}],"replies":[{"embeddable":true,"href":"https:\/\/www.messinaoggi.it\/website\/wp-json\/wp\/v2\/comments?post=243913"}],"version-history":[{"count":1,"href":"https:\/\/www.messinaoggi.it\/website\/wp-json\/wp\/v2\/posts\/243913\/revisions"}],"predecessor-version":[{"id":243914,"href":"https:\/\/www.messinaoggi.it\/website\/wp-json\/wp\/v2\/posts\/243913\/revisions\/243914"}],"wp:featuredmedia":[{"embeddable":true,"href":"https:\/\/www.messinaoggi.it\/website\/wp-json\/wp\/v2\/media\/43341"}],"wp:attachment":[{"href":"https:\/\/www.messinaoggi.it\/website\/wp-json\/wp\/v2\/media?parent=243913"}],"wp:term":[{"taxonomy":"category","embeddable":true,"href":"https:\/\/www.messinaoggi.it\/website\/wp-json\/wp\/v2\/categories?post=243913"},{"taxonomy":"post_tag","embeddable":true,"href":"https:\/\/www.messinaoggi.it\/website\/wp-json\/wp\/v2\/tags?post=243913"}],"curies":[{"name":"wp","href":"https:\/\/api.w.org\/{rel}","templated":true}]}}