{"id":243899,"date":"2025-06-26T00:04:24","date_gmt":"2025-06-25T22:04:24","guid":{"rendered":"https:\/\/www.messinaoggi.it\/website\/2025\/06\/25\/primo-bagno-di-folla-a-palermo-per-inzaghi-parleremo-con-i-fatti\/"},"modified":"2025-06-26T09:30:18","modified_gmt":"2025-06-26T07:30:18","slug":"primo-bagno-di-folla-a-palermo-per-inzaghi-parleremo-con-i-fatti","status":"publish","type":"post","link":"https:\/\/www.messinaoggi.it\/website\/2025\/06\/26\/primo-bagno-di-folla-a-palermo-per-inzaghi-parleremo-con-i-fatti\/","title":{"rendered":"Primo bagno di folla a Palermo per Inzaghi \u201cParleremo con i fatti\u201d"},"content":{"rendered":"<div>\n<p>PALERMO (ITALPRESS) \u2013 In duemila circa lo hanno accolto nel piazzale dello stadio Renzo Barbera, nonostante il sole battente delle 19: il primo incontro tra <strong>Pippo Inzaghi<\/strong> e i tifosi del <strong>Palermo<\/strong> \u00e8 da ricordare ed \u00e8 lo stesso allenatore, arrivato in citt\u00e0 questa mattina, a evidenziarlo.<div id=\"div-gpt-ad-Messinaoggi.it-DSK-300x250-corpoart\" style=\"text-align:center;margin:0 auto;\"><\/div><\/p>\n<p><em>\u201cGrazie a tutti, non ci si abitua mai a queste emozioni: questa \u00e8 la pi\u00f9 grande accoglienza che ho mai avuto in carriera<\/em> \u2013 afferma il neo tecnico rosanero \u2013<em> Penso che oggi tutti abbiano capito perch\u00e9 ho scelto Palermo: vi ringrazio per questo affetto, me lo dovr\u00f2 meritare\u201d.\u00a0<\/em><div id=\"videoincontent\" style=\"clear:both\";><\/div><\/p>\n<p>Le sue frasi, le prime davanti al pubblico di fede rosanero, sono continuamente scandite da cori e applausi: tra \u2018Superpippo\u2019 e la piazza \u00e8 amore a prima vista ma, spiega il nuovo allenatore, <em>\u201cnon mi piace fare molte chiacchiere, mi piace fare i fatti: spero che io e i miei giocatori riusciremo a essere alla vostra altezza e di dimostrarlo molto presto. Per realizzare il nostro sogno abbiamo bisogno di voi, che siete il nostro dodicesimo in campo\u201d.<\/em> Domani alle 11 Inzaghi verr\u00e0 presentato nella sala stampa del Palermo Cfa.<\/p>\n<p>\u2013 Foto Ufficio stampa Palermo FC \u2013<\/p>\n<p>(ITALPRESS)<\/p>\n<\/div>\n","protected":false},"excerpt":{"rendered":"<p>PALERMO (ITALPRESS) \u2013 In duemila circa lo hanno accolto nel piazzale dello stadio Renzo Barbera, nonostante il sole battente delle 19: il primo incontro tra Pippo Inzaghi e i tifosi del Palermo \u00e8 da ricordare ed \u00e8 lo stesso allenatore, arrivato in citt\u00e0 questa mattina, a evidenziarlo. \u201cGrazie a tutti, non ci si abitua mai [&hellip;]<\/p>\n","protected":false},"author":18,"featured_media":243900,"comment_status":"closed","ping_status":"closed","sticky":false,"template":"","format":"standard","meta":{"ub_ctt_via":"","_mi_skip_tracking":false},"categories":[11,2449],"tags":[783],"featured_image_src":"https:\/\/www.messinaoggi.it\/website\/wp-content\/uploads\/2025\/06\/FILIPPO-INZAGHI-PALERMO.jpg","author_info":{"display_name":"Admin","author_link":"https:\/\/www.messinaoggi.it\/website\/author\/admin\/"},"digistream_id":0,"digistream":false,"_links":{"self":[{"href":"https:\/\/www.messinaoggi.it\/website\/wp-json\/wp\/v2\/posts\/243899"}],"collection":[{"href":"https:\/\/www.messinaoggi.it\/website\/wp-json\/wp\/v2\/posts"}],"about":[{"href":"https:\/\/www.messinaoggi.it\/website\/wp-json\/wp\/v2\/types\/post"}],"author":[{"embeddable":true,"href":"https:\/\/www.messinaoggi.it\/website\/wp-json\/wp\/v2\/users\/18"}],"replies":[{"embeddable":true,"href":"https:\/\/www.messinaoggi.it\/website\/wp-json\/wp\/v2\/comments?post=243899"}],"version-history":[{"count":1,"href":"https:\/\/www.messinaoggi.it\/website\/wp-json\/wp\/v2\/posts\/243899\/revisions"}],"predecessor-version":[{"id":243904,"href":"https:\/\/www.messinaoggi.it\/website\/wp-json\/wp\/v2\/posts\/243899\/revisions\/243904"}],"wp:featuredmedia":[{"embeddable":true,"href":"https:\/\/www.messinaoggi.it\/website\/wp-json\/wp\/v2\/media\/243900"}],"wp:attachment":[{"href":"https:\/\/www.messinaoggi.it\/website\/wp-json\/wp\/v2\/media?parent=243899"}],"wp:term":[{"taxonomy":"category","embeddable":true,"href":"https:\/\/www.messinaoggi.it\/website\/wp-json\/wp\/v2\/categories?post=243899"},{"taxonomy":"post_tag","embeddable":true,"href":"https:\/\/www.messinaoggi.it\/website\/wp-json\/wp\/v2\/tags?post=243899"}],"curies":[{"name":"wp","href":"https:\/\/api.w.org\/{rel}","templated":true}]}}