{"id":243810,"date":"2025-06-24T22:09:25","date_gmt":"2025-06-24T20:09:25","guid":{"rendered":"https:\/\/www.messinaoggi.it\/website\/2025\/06\/24\/iran-pezeshkian-annuncia-la-fine-della-guerra-dei-12-giorni\/"},"modified":"2025-06-24T22:09:25","modified_gmt":"2025-06-24T20:09:25","slug":"iran-pezeshkian-annuncia-la-fine-della-guerra-dei-12-giorni","status":"publish","type":"post","link":"https:\/\/www.messinaoggi.it\/website\/2025\/06\/24\/iran-pezeshkian-annuncia-la-fine-della-guerra-dei-12-giorni\/","title":{"rendered":"Iran, Pezeshkian annuncia la fine della guerra dei 12 giorni"},"content":{"rendered":"<div>TEHERAN (IRAN) (ITALPRESS) &#8211; &#8220;Oggi, dopo la coraggiosa resistenza della vostra grande e storica nazione, assistiamo a un cessate il fuoco e alla fine della guerra di 12 giorni imposta alla nazione iraniana dall&#8217;avventurismo e dall&#8217;incitamento del regime sionista. Durante questo periodo, il mondo ha assistito all&#8217;autorit\u00e0 del grande Iran, che godeva del sostegno del suo popolo e, mentre l&#8217;iniziatore di questa guerra imposta \u00e8 stato il nemico terrorista, la sua fine \u00e8 stata determinata dalla volont\u00e0 e dall&#8217;autorit\u00e0 della grande nazione iraniana&#8221;. Cos\u00ec il presidente iraniano Masoud Pezeshkian, in un messaggio rivolto alla Nazione. Il presidente ha quindi sottolineato che &#8220;oggi, in una situazione in cui il nemico aggressore ha accettato di porre fine alla guerra, ha subito una punizione severa e storica. Il nemico aggressore ha fallito e continua a fallire nel raggiungere i suoi sinistri obiettivi, che erano la distruzione di impianti, il declino della conoscenza nucleare e i disordini sociali. Siamo grati alla vostra fermezza e resistenza e crediamo profondamente che questa vittoria sia dovuta all&#8217;unit\u00e0, alla pace e alla coesione che si sono manifestate durante questo periodo. Dobbiamo impegnarci affinch\u00e8 questa preziosa armonia e coesione, che \u00e8 la pi\u00f9 grande risorsa del Paese, continui. Dichiaro inoltre ai Paesi limitrofi e della regione che crediamo profondamente nella coesistenza e nella stabilit\u00e0, e che l&#8217;autorit\u00e0 e la capacit\u00e0 difensiva dell&#8217;Iran islamico sono sempre state e saranno al servizio della pace e dell&#8217;amicizia tra fratelli musulmani e vicini storici, e che l&#8217;intelligenza e l&#8217;intraprendenza di tutti noi sventeranno la malizia dei nemici che cercano di creare discordia e divisione tra di noi&#8221;, ha concluso Pezeshkian.<br \/>(ITALPRESS).<br \/>-Foto: Ipa Agency-<\/div>\n<div id=\"div-gpt-ad-Messinaoggi.it-DSK-300x250-corpoart\" style=\"text-align:center;margin:0 auto;\"><\/div><\/p><div id=\"videoincontent\" style=\"clear:both\";><\/div>","protected":false},"excerpt":{"rendered":"<p>TEHERAN (IRAN) (ITALPRESS) &#8211; &#8220;Oggi, dopo la coraggiosa resistenza della vostra grande e storica nazione, assistiamo a un cessate il fuoco e alla fine della guerra di 12 giorni imposta alla nazione iraniana dall&#8217;avventurismo e dall&#8217;incitamento del regime sionista. Durante questo periodo, il mondo ha assistito all&#8217;autorit\u00e0 del grande Iran, che godeva del sostegno del [&hellip;]<\/p>\n","protected":false},"author":18,"featured_media":243811,"comment_status":"closed","ping_status":"closed","sticky":false,"template":"","format":"standard","meta":{"ub_ctt_via":"","_mi_skip_tracking":false},"categories":[446],"tags":[783],"featured_image_src":"https:\/\/www.messinaoggi.it\/website\/wp-content\/uploads\/2025\/06\/20250624_2423.jpg","author_info":{"display_name":"Admin","author_link":"https:\/\/www.messinaoggi.it\/website\/author\/admin\/"},"digistream_id":0,"digistream":false,"_links":{"self":[{"href":"https:\/\/www.messinaoggi.it\/website\/wp-json\/wp\/v2\/posts\/243810"}],"collection":[{"href":"https:\/\/www.messinaoggi.it\/website\/wp-json\/wp\/v2\/posts"}],"about":[{"href":"https:\/\/www.messinaoggi.it\/website\/wp-json\/wp\/v2\/types\/post"}],"author":[{"embeddable":true,"href":"https:\/\/www.messinaoggi.it\/website\/wp-json\/wp\/v2\/users\/18"}],"replies":[{"embeddable":true,"href":"https:\/\/www.messinaoggi.it\/website\/wp-json\/wp\/v2\/comments?post=243810"}],"version-history":[{"count":0,"href":"https:\/\/www.messinaoggi.it\/website\/wp-json\/wp\/v2\/posts\/243810\/revisions"}],"wp:featuredmedia":[{"embeddable":true,"href":"https:\/\/www.messinaoggi.it\/website\/wp-json\/wp\/v2\/media\/243811"}],"wp:attachment":[{"href":"https:\/\/www.messinaoggi.it\/website\/wp-json\/wp\/v2\/media?parent=243810"}],"wp:term":[{"taxonomy":"category","embeddable":true,"href":"https:\/\/www.messinaoggi.it\/website\/wp-json\/wp\/v2\/categories?post=243810"},{"taxonomy":"post_tag","embeddable":true,"href":"https:\/\/www.messinaoggi.it\/website\/wp-json\/wp\/v2\/tags?post=243810"}],"curies":[{"name":"wp","href":"https:\/\/api.w.org\/{rel}","templated":true}]}}