{"id":243797,"date":"2025-06-25T00:49:26","date_gmt":"2025-06-24T22:49:26","guid":{"rendered":"https:\/\/www.messinaoggi.it\/website\/2025\/06\/24\/al-via-alluniversita-di-palermo-il-convegno-mondiale-della-european-water-resources-association\/"},"modified":"2025-06-25T10:46:03","modified_gmt":"2025-06-25T08:46:03","slug":"al-via-alluniversita-di-palermo-il-convegno-mondiale-della-european-water-resources-association","status":"publish","type":"post","link":"https:\/\/www.messinaoggi.it\/website\/2025\/06\/25\/al-via-alluniversita-di-palermo-il-convegno-mondiale-della-european-water-resources-association\/","title":{"rendered":"Al via all\u2019Universit\u00e0 di Palermo il convegno mondiale della European Water Resources Association"},"content":{"rendered":"<div>\n<p>PALERMO (ITALPRESS) \u2013 Cinque giorni di confronto accademico e contributi scientifici per riflettere sul ruolo dell\u2019acqua e su come gestirla in maniera oculata: all\u2019Universit\u00e0 di <strong>Palermo<\/strong> ha preso il via il XIII convegno mondiale della <strong>European Water Resources Association (Ewra)<\/strong>, con la cerimonia di apertura che si \u00e8 tenuta nell\u2019Aula Magna del complesso di Ingegneria. Il tema dell\u2019edizione 2025 \u00e8 <strong>\u2018Nuove sfide nella comprensione e gestione dei rischi idrici in un ambiente che cambia\u2019<\/strong>: in questi giorni saranno pi\u00f9 di 300 gli esperti che esporranno il proprio punto di vista, affrontando la questione con un approccio che tiene conto delle specificit\u00e0 di ciascun territorio, Sicilia compresa. I lavori del convegno andranno avanti fino a sabato 28 giugno.<div id=\"div-gpt-ad-Messinaoggi.it-DSK-300x250-corpoart\" style=\"text-align:center;margin:0 auto;\"><\/div><\/p>\n<p><em>\u201cL\u2019Universit\u00e0 di Palermo ha avuto l\u2019incarico di organizzare questo importante convegno gi\u00e0 dal 2023<\/em> \u2013 spiega Leonardo <strong>Noto,<\/strong> presidente del comitato organizzatore del convegno e docente ordinario di Idrologia e Costruzioni idrauliche, <em>\u2013 Abbiamo riscosso un ottimo successo, perch\u00e9 abbiamo circa 320 delegati che si sono registrati e ci saranno sessioni sia scientifiche che tecniche, in cui si affronteranno tutti i problemi che riguardano il comparto idrico. Si guarder\u00e0 sia al rischio idrogeologico che alla gestione delle risorse idriche, ma anche a problemi tipici della nostra regione come la siccit\u00e0 e la carenza idrica: ci aspettiamo contributi sul piano sia scientifico che tecnologico. La componente del convegno \u00e8 prettamente scientifica: alla fine si potranno tirare un po\u2019 le somme per vedere se qualcosa che emerge dal convegno pu\u00f2 essere trasposta a livello istituzionale\u201d<\/em>. A portare i saluti per i vertici dell\u2019ateneo \u00e8 stato il prorettore vicario Enrico <strong>Napoli:<\/strong><em> \u201cSono davvero lieto che la nostra Universit\u00e0 possa ospitare quest\u2019appuntamento e sono certo che i contributi che ne verranno fuori saranno davvero importanti: auguro a tutti i partecipanti un\u2019esperienza piacevole\u201d.<\/em><div id=\"videoincontent\" style=\"clear:both\";><\/div><\/p>\n<p>Tra i contributi del convegno c\u2019\u00e8 quello di G\u00fcnther <strong>Bl\u00f6schl,<\/strong> idrologo e vincitore dello \u2018Stockholm Water Prize\u2019 che equivale al Premio Nobel dell\u2019Acqua: <em>\u201cIl tema centrale del mio intervento sono le alluvioni, che stanno aumentando quasi in tutto il mondo e in particolare nei bacini piccoli<\/em> \u2013 sottolinea, \u2013<em> Ci sono sfide scientifiche per capire meglio i processi che incidono sulle piene nei piccoli e nei grandi bacini, ma anche per quanto riguarda la gestione delle piene stesse in varie parti del mondo. Ad esempio in Austria abbiamo avuto la tempesta Boris lo scorso settembre e la gestione dell\u2019evento ha funzionato molto bene; in Germania o in altri paesi invece la gestione non ha funzionato cos\u00ec bene, perch\u00e9 magari le previsioni non erano esatte o non c\u2019era una consapevolezza sufficiente da parte dei cittadini. Ci sono ancora tante cose da fare\u201d.<\/em><\/p>\n<p>\u2013 foto xd8\/Italpress \u2013<\/p>\n<p>(ITALPRESS).<\/p>\n<\/div>\n","protected":false},"excerpt":{"rendered":"<p>PALERMO (ITALPRESS) \u2013 Cinque giorni di confronto accademico e contributi scientifici per riflettere sul ruolo dell\u2019acqua e su come gestirla in maniera oculata: all\u2019Universit\u00e0 di Palermo ha preso il via il XIII convegno mondiale della European Water Resources Association (Ewra), con la cerimonia di apertura che si \u00e8 tenuta nell\u2019Aula Magna del complesso di Ingegneria. [&hellip;]<\/p>\n","protected":false},"author":18,"featured_media":243798,"comment_status":"closed","ping_status":"closed","sticky":false,"template":"","format":"standard","meta":{"ub_ctt_via":"","_mi_skip_tracking":false},"categories":[11,2449],"tags":[783],"featured_image_src":"https:\/\/www.messinaoggi.it\/website\/wp-content\/uploads\/2025\/06\/Acqua-Universita-1.jpg","author_info":{"display_name":"Admin","author_link":"https:\/\/www.messinaoggi.it\/website\/author\/admin\/"},"digistream_id":0,"digistream":false,"_links":{"self":[{"href":"https:\/\/www.messinaoggi.it\/website\/wp-json\/wp\/v2\/posts\/243797"}],"collection":[{"href":"https:\/\/www.messinaoggi.it\/website\/wp-json\/wp\/v2\/posts"}],"about":[{"href":"https:\/\/www.messinaoggi.it\/website\/wp-json\/wp\/v2\/types\/post"}],"author":[{"embeddable":true,"href":"https:\/\/www.messinaoggi.it\/website\/wp-json\/wp\/v2\/users\/18"}],"replies":[{"embeddable":true,"href":"https:\/\/www.messinaoggi.it\/website\/wp-json\/wp\/v2\/comments?post=243797"}],"version-history":[{"count":1,"href":"https:\/\/www.messinaoggi.it\/website\/wp-json\/wp\/v2\/posts\/243797\/revisions"}],"predecessor-version":[{"id":243842,"href":"https:\/\/www.messinaoggi.it\/website\/wp-json\/wp\/v2\/posts\/243797\/revisions\/243842"}],"wp:featuredmedia":[{"embeddable":true,"href":"https:\/\/www.messinaoggi.it\/website\/wp-json\/wp\/v2\/media\/243798"}],"wp:attachment":[{"href":"https:\/\/www.messinaoggi.it\/website\/wp-json\/wp\/v2\/media?parent=243797"}],"wp:term":[{"taxonomy":"category","embeddable":true,"href":"https:\/\/www.messinaoggi.it\/website\/wp-json\/wp\/v2\/categories?post=243797"},{"taxonomy":"post_tag","embeddable":true,"href":"https:\/\/www.messinaoggi.it\/website\/wp-json\/wp\/v2\/tags?post=243797"}],"curies":[{"name":"wp","href":"https:\/\/api.w.org\/{rel}","templated":true}]}}