{"id":243789,"date":"2025-06-25T00:49:25","date_gmt":"2025-06-24T22:49:25","guid":{"rendered":"https:\/\/www.messinaoggi.it\/website\/2025\/06\/24\/la-stagione-estiva-dellorchestra-sinfonica-siciliana-prosegue-il-27-e-28-giugno-ad-agrigento-e-baucina\/"},"modified":"2025-06-25T10:46:44","modified_gmt":"2025-06-25T08:46:44","slug":"la-stagione-estiva-dellorchestra-sinfonica-siciliana-prosegue-il-27-e-28-giugno-ad-agrigento-e-baucina","status":"publish","type":"post","link":"https:\/\/www.messinaoggi.it\/website\/2025\/06\/25\/la-stagione-estiva-dellorchestra-sinfonica-siciliana-prosegue-il-27-e-28-giugno-ad-agrigento-e-baucina\/","title":{"rendered":"La stagione estiva dell\u2019Orchestra Sinfonica Siciliana prosegue il 27 e 28 giugno ad Agrigento e Baucina"},"content":{"rendered":"<div>\n<p>PALERMO (ITALPRESS) \u2013 La <strong>stagione estiva dell\u2019Orchestra Sinfonica Siciliana<\/strong> prosegue il suo viaggio nei luoghi pi\u00f9 suggestivi dell\u2019Isola con una tappa di grande rilievo: venerd\u00ec 27 giugno appuntamento infatti al Teatro dell\u2019Efebo nel Giardino Botanico di <strong>Agrigento<\/strong> \u2013 che si apre per la prima volta alla musica sinfonica \u2013 nell\u2019ambito del programma di Agrigento Capitale Italiana della Cultura 2025 (biglietti gratuiti con prenotazione su www.agrigento-biglietti.com). Sabato 28 giugno il concerto dar\u00e0 replicato a <strong>Baucina,<\/strong> in piazza Santa Fortunata (ingresso gratuito).<div id=\"div-gpt-ad-Messinaoggi.it-DSK-300x250-corpoart\" style=\"text-align:center;margin:0 auto;\"><\/div><\/p>\n<p>Il Teatro dell\u2019Efebo \u00e8 un ampio spazio all\u2019interno del Giardino Botanico di Agrigento, recentemente restaurato e messo in sicurezza; luogo di grande fascino e ricco di storia, \u00e8 nei resti della cava dove gli schiavi cartaginesi, reduci dalla battaglia di Himera, estrassero i blocchi di arenaria usati per edificare i templi. Per questa occasione l\u2019Orchestra sar\u00e0 diretta da Srba Dinic \u2013 bacchetta ospite di prestigiose istituzioni come la Semperoper di Dresda, il Teatro Col\u00f3n di Buenos Aires e il Teatro Massimo di Palermo -che propone un programma coinvolgente con pagine di \u00e8ostakovic, Cajkovskij e Dvor\u00dfk, rinnovando cos\u00ec l\u2019obiettivo di portare i grandi capolavori della musica sinfonica a pubblici sempre nuovi e diversificati.<div id=\"videoincontent\" style=\"clear:both\";><\/div><\/p>\n<p>Un doppio appuntamento che conferma l\u2019impegno della FOSS nel coniugare qualit\u00e0 artistica, valorizzazione del territorio e collaborazione con le istituzioni. Il concerto si apre con l\u2019Ouverture festiva op. 96 di Dmitrij \u00e8ostakovic (nel 50\u00b0 dalla morte del compositore russo), composta in pochi giorni nel 1947 per celebrare l\u2019anniversario della Rivoluzione d\u2019Ottobre, fu eseguita solo nel 1954. Caratterizzata da un brillante impianto orchestrale e da una scrittura energica, l\u2019Ouverture richiama esplicitamente il mondo operistico russo, in particolare l\u2019eredit\u00e0 di Glinka, tra fanfare e melodie di struggente lirismo.<\/p>\n<p>A seguire, il Capriccio italiano op. 45 di P\u00ebtr Il\u2019ic Cajkovskij, omaggio alle sonorit\u00e0 popolari italiane filtrate dallo sguardo sensibile del compositore russo. Scritto nel 1880 dopo un soggiorno a Roma e Napoli, il brano \u00e8 una sequenza coloratissima di episodi che spaziano dalle marce militari alle serenate, fino a una travolgente tarantella finale. La serata culmina con uno dei capolavori assoluti del repertorio sinfonico: la Sinfonia n. 9 in mi minore \u201cDal Nuovo Mondo\u201d op. 95 di Anton\u00edn Dvor\u00dfk, composta durante il soggiorno del musicista a New York e ispirata tanto alle melodie dei nativi americani. Con la sua struttura ciclica, i richiami epici e il celebre tema affidato al corno inglese neel secondo movimento, questa Sinfonia rappresenta un ponte ideale tra Vecchio e Nuovo Continente, e una riflessione sulla memoria e sull\u2019identit\u00e0. La programmazione estiva della FOSS prosegue il 4 luglio in piazza Ruggiero Settimo a Palermo e il 5 luglio a Bolognetta (piazza dei Caduti in Guerra); sul podio Maurizio Colasanti con solista un divo dell\u2019archetto come Stefan Milenkovich impegnati in un programma con pagine di Sarasate, Massenet e M\u00dfrquez.<\/p>\n<p>\u2013 foto ufficio stampa FOSS \u2013<\/p>\n<p>(ITALPRESS).<\/p>\n<\/div>\n","protected":false},"excerpt":{"rendered":"<p>PALERMO (ITALPRESS) \u2013 La stagione estiva dell\u2019Orchestra Sinfonica Siciliana prosegue il suo viaggio nei luoghi pi\u00f9 suggestivi dell\u2019Isola con una tappa di grande rilievo: venerd\u00ec 27 giugno appuntamento infatti al Teatro dell\u2019Efebo nel Giardino Botanico di Agrigento \u2013 che si apre per la prima volta alla musica sinfonica \u2013 nell\u2019ambito del programma di Agrigento Capitale [&hellip;]<\/p>\n","protected":false},"author":18,"featured_media":243790,"comment_status":"closed","ping_status":"closed","sticky":false,"template":"","format":"standard","meta":{"ub_ctt_via":"","_mi_skip_tracking":false},"categories":[11,2449,17],"tags":[783],"featured_image_src":"https:\/\/www.messinaoggi.it\/website\/wp-content\/uploads\/2025\/06\/ufficio-stampa-FOSS.jpg","author_info":{"display_name":"Admin","author_link":"https:\/\/www.messinaoggi.it\/website\/author\/admin\/"},"digistream_id":0,"digistream":false,"_links":{"self":[{"href":"https:\/\/www.messinaoggi.it\/website\/wp-json\/wp\/v2\/posts\/243789"}],"collection":[{"href":"https:\/\/www.messinaoggi.it\/website\/wp-json\/wp\/v2\/posts"}],"about":[{"href":"https:\/\/www.messinaoggi.it\/website\/wp-json\/wp\/v2\/types\/post"}],"author":[{"embeddable":true,"href":"https:\/\/www.messinaoggi.it\/website\/wp-json\/wp\/v2\/users\/18"}],"replies":[{"embeddable":true,"href":"https:\/\/www.messinaoggi.it\/website\/wp-json\/wp\/v2\/comments?post=243789"}],"version-history":[{"count":1,"href":"https:\/\/www.messinaoggi.it\/website\/wp-json\/wp\/v2\/posts\/243789\/revisions"}],"predecessor-version":[{"id":243844,"href":"https:\/\/www.messinaoggi.it\/website\/wp-json\/wp\/v2\/posts\/243789\/revisions\/243844"}],"wp:featuredmedia":[{"embeddable":true,"href":"https:\/\/www.messinaoggi.it\/website\/wp-json\/wp\/v2\/media\/243790"}],"wp:attachment":[{"href":"https:\/\/www.messinaoggi.it\/website\/wp-json\/wp\/v2\/media?parent=243789"}],"wp:term":[{"taxonomy":"category","embeddable":true,"href":"https:\/\/www.messinaoggi.it\/website\/wp-json\/wp\/v2\/categories?post=243789"},{"taxonomy":"post_tag","embeddable":true,"href":"https:\/\/www.messinaoggi.it\/website\/wp-json\/wp\/v2\/tags?post=243789"}],"curies":[{"name":"wp","href":"https:\/\/api.w.org\/{rel}","templated":true}]}}