{"id":243777,"date":"2025-06-24T12:09:22","date_gmt":"2025-06-24T10:09:22","guid":{"rendered":"https:\/\/www.messinaoggi.it\/website\/2025\/06\/24\/iran-tajani-il-cessate-il-fuoco-e-una-notizia-positiva\/"},"modified":"2025-06-24T12:09:22","modified_gmt":"2025-06-24T10:09:22","slug":"iran-tajani-il-cessate-il-fuoco-e-una-notizia-positiva","status":"publish","type":"post","link":"https:\/\/www.messinaoggi.it\/website\/2025\/06\/24\/iran-tajani-il-cessate-il-fuoco-e-una-notizia-positiva\/","title":{"rendered":"Iran, Tajani \u201cIl cessate il fuoco \u00e8 una notizia positiva\u201d"},"content":{"rendered":"<div>ROMA (ITALPRESS) &#8211; <em>&#8220;La buona notizia \u00e8 che adesso ci sia questo cessate il fuoco che mi auguro possa essere rispettato, questo fa tirare anche un sospiro di sollievo anche a tutti i nostri concittadini che vivono in quella parte del mondo e che noi stiamo seguendo con la massima attenzione, anche attraverso la nostra Unit\u00e0 di crisi, perch\u00e8 questa \u00e8 la priorit\u00e0: sono gli italiani la priorit\u00e0 per noi&#8221;<\/em>. Lo ha detto il vicepremier e ministro degli Esteri, Antonio <strong>Tajani,<\/strong> a &#8220;Mattino Cinque&#8221;.<div id=\"div-gpt-ad-Messinaoggi.it-DSK-300x250-corpoart\" style=\"text-align:center;margin:0 auto;\"><\/div><\/p>\n<p>-foto Ipa Agency &#8211;<div id=\"videoincontent\" style=\"clear:both\";><\/div><\/p>\n<p>(ITALPRESS).<\/p><\/div>\n","protected":false},"excerpt":{"rendered":"<p>ROMA (ITALPRESS) &#8211; &#8220;La buona notizia \u00e8 che adesso ci sia questo cessate il fuoco che mi auguro possa essere rispettato, questo fa tirare anche un sospiro di sollievo anche a tutti i nostri concittadini che vivono in quella parte del mondo e che noi stiamo seguendo con la massima attenzione, anche attraverso la nostra [&hellip;]<\/p>\n","protected":false},"author":18,"featured_media":243778,"comment_status":"closed","ping_status":"closed","sticky":false,"template":"","format":"standard","meta":{"ub_ctt_via":"","_mi_skip_tracking":false},"categories":[446],"tags":[783],"featured_image_src":"https:\/\/www.messinaoggi.it\/website\/wp-content\/uploads\/2025\/06\/20250624_0200.jpg","author_info":{"display_name":"Admin","author_link":"https:\/\/www.messinaoggi.it\/website\/author\/admin\/"},"digistream_id":0,"digistream":false,"_links":{"self":[{"href":"https:\/\/www.messinaoggi.it\/website\/wp-json\/wp\/v2\/posts\/243777"}],"collection":[{"href":"https:\/\/www.messinaoggi.it\/website\/wp-json\/wp\/v2\/posts"}],"about":[{"href":"https:\/\/www.messinaoggi.it\/website\/wp-json\/wp\/v2\/types\/post"}],"author":[{"embeddable":true,"href":"https:\/\/www.messinaoggi.it\/website\/wp-json\/wp\/v2\/users\/18"}],"replies":[{"embeddable":true,"href":"https:\/\/www.messinaoggi.it\/website\/wp-json\/wp\/v2\/comments?post=243777"}],"version-history":[{"count":0,"href":"https:\/\/www.messinaoggi.it\/website\/wp-json\/wp\/v2\/posts\/243777\/revisions"}],"wp:featuredmedia":[{"embeddable":true,"href":"https:\/\/www.messinaoggi.it\/website\/wp-json\/wp\/v2\/media\/243778"}],"wp:attachment":[{"href":"https:\/\/www.messinaoggi.it\/website\/wp-json\/wp\/v2\/media?parent=243777"}],"wp:term":[{"taxonomy":"category","embeddable":true,"href":"https:\/\/www.messinaoggi.it\/website\/wp-json\/wp\/v2\/categories?post=243777"},{"taxonomy":"post_tag","embeddable":true,"href":"https:\/\/www.messinaoggi.it\/website\/wp-json\/wp\/v2\/tags?post=243777"}],"curies":[{"name":"wp","href":"https:\/\/api.w.org\/{rel}","templated":true}]}}