{"id":243768,"date":"2025-06-24T10:09:23","date_gmt":"2025-06-24T08:09:23","guid":{"rendered":"https:\/\/www.messinaoggi.it\/website\/2025\/06\/24\/trump-annuncia-tregua-di-12-ore-tra-israele-e-iran-non-violatela\/"},"modified":"2025-06-24T10:09:23","modified_gmt":"2025-06-24T08:09:23","slug":"trump-annuncia-tregua-di-12-ore-tra-israele-e-iran-non-violatela","status":"publish","type":"post","link":"https:\/\/www.messinaoggi.it\/website\/2025\/06\/24\/trump-annuncia-tregua-di-12-ore-tra-israele-e-iran-non-violatela\/","title":{"rendered":"Trump annuncia tregua di 12 ore tra Israele e Iran \u201cNon violatela!\u201d"},"content":{"rendered":"<div>WASHINGTON (ITALPRESS) &#8211; Il cessate il fuoco tra Israele e Iran &#8220;\u00e8 ora in vigore&#8221;. Lo ha annunciato Donald Trump sul social Truth. &#8220;Per favore non violatelo!&#8221; ha aggiunto. L&#8217;annuncio della tregua era avvenuto qualche ora prima sempre su Truth: &#8220;Congratulazioni a tutti! E&#8217; stato pienamente concordato  tra Israele e Iran che ci sar\u00e0 un cessate il fuoco completo e totale (tra circa 6 ore da oggi, quando Israele e Iran avranno terminato e completato le loro missioni finali in corso!), per 12 ore, a quel punto la guerra sar\u00e0 considerata finita! Ufficialmente, l&#8217;Iran inizier\u00e0 il cessate il fuoco e, alla dodicesima ora, Israele inizier\u00e0 il cessate il fuoco e, alla 24a ora, la fine ufficiale della guerra dei 12 giorni sar\u00e0 salutata dal mondo&#8221;.<br \/>-foto Ipa Agency &#8211;<br \/>(ITALPRESS).<\/div>\n<div id=\"div-gpt-ad-Messinaoggi.it-DSK-300x250-corpoart\" style=\"text-align:center;margin:0 auto;\"><\/div><\/p><div id=\"videoincontent\" style=\"clear:both\";><\/div>","protected":false},"excerpt":{"rendered":"<p>WASHINGTON (ITALPRESS) &#8211; Il cessate il fuoco tra Israele e Iran &#8220;\u00e8 ora in vigore&#8221;. Lo ha annunciato Donald Trump sul social Truth. &#8220;Per favore non violatelo!&#8221; ha aggiunto. L&#8217;annuncio della tregua era avvenuto qualche ora prima sempre su Truth: &#8220;Congratulazioni a tutti! E&#8217; stato pienamente concordato tra Israele e Iran che ci sar\u00e0 un [&hellip;]<\/p>\n","protected":false},"author":18,"featured_media":243769,"comment_status":"closed","ping_status":"closed","sticky":false,"template":"","format":"standard","meta":{"ub_ctt_via":"","_mi_skip_tracking":false},"categories":[446],"tags":[783],"featured_image_src":"https:\/\/www.messinaoggi.it\/website\/wp-content\/uploads\/2025\/06\/20250624_0066.jpg","author_info":{"display_name":"Admin","author_link":"https:\/\/www.messinaoggi.it\/website\/author\/admin\/"},"digistream_id":0,"digistream":false,"_links":{"self":[{"href":"https:\/\/www.messinaoggi.it\/website\/wp-json\/wp\/v2\/posts\/243768"}],"collection":[{"href":"https:\/\/www.messinaoggi.it\/website\/wp-json\/wp\/v2\/posts"}],"about":[{"href":"https:\/\/www.messinaoggi.it\/website\/wp-json\/wp\/v2\/types\/post"}],"author":[{"embeddable":true,"href":"https:\/\/www.messinaoggi.it\/website\/wp-json\/wp\/v2\/users\/18"}],"replies":[{"embeddable":true,"href":"https:\/\/www.messinaoggi.it\/website\/wp-json\/wp\/v2\/comments?post=243768"}],"version-history":[{"count":0,"href":"https:\/\/www.messinaoggi.it\/website\/wp-json\/wp\/v2\/posts\/243768\/revisions"}],"wp:featuredmedia":[{"embeddable":true,"href":"https:\/\/www.messinaoggi.it\/website\/wp-json\/wp\/v2\/media\/243769"}],"wp:attachment":[{"href":"https:\/\/www.messinaoggi.it\/website\/wp-json\/wp\/v2\/media?parent=243768"}],"wp:term":[{"taxonomy":"category","embeddable":true,"href":"https:\/\/www.messinaoggi.it\/website\/wp-json\/wp\/v2\/categories?post=243768"},{"taxonomy":"post_tag","embeddable":true,"href":"https:\/\/www.messinaoggi.it\/website\/wp-json\/wp\/v2\/tags?post=243768"}],"curies":[{"name":"wp","href":"https:\/\/api.w.org\/{rel}","templated":true}]}}