{"id":243760,"date":"2025-06-24T09:47:57","date_gmt":"2025-06-24T07:47:57","guid":{"rendered":"http:\/\/www.messinaoggi.it\/website\/?p=243760"},"modified":"2025-06-24T10:53:09","modified_gmt":"2025-06-24T08:53:09","slug":"un-corteo-per-dire-no-al-genocidio-iniziativa-del-coordinamento-messina-palestina","status":"publish","type":"post","link":"https:\/\/www.messinaoggi.it\/website\/2025\/06\/24\/un-corteo-per-dire-no-al-genocidio-iniziativa-del-coordinamento-messina-palestina\/","title":{"rendered":"&#8220;Un corteo per dire no al genocidio&#8221;, iniziativa del Coordinamento Messina-Palestina"},"content":{"rendered":"\n<p>Il coordinamento Messina-Palestina invita tutte le persone che sentono come importante in questo momento &#8220;dare un segnale internazionalista di umanit\u00e0, solidariet\u00e0 e complicit\u00e0 con il popolo palestinese, con i popoli oppressi e in lotta contro le oppressioni che subiscono; invitiamo tutti i collettivi, universitari e non, tutte le associazioni, i partiti, i sindacati, enti e ogni forma di aggregazione sociale ad aderire a questo appello per promuovere un corteo cittadino il 28 giugno 2025 a Messina, per dire basta al genocidio del popolo palestinese&#8221;.<div id=\"div-gpt-ad-Messinaoggi.it-DSK-300x250-corpoart\" style=\"text-align:center;margin:0 auto;\"><\/div><\/p>\n\n\n\n<p>&#8220;La gente palestinese subisce ininterrottamente dal 1948 un processo di pulizia etnica che ha come obiettivo l\u2019espulsione della popolazione dalla loro terra. In questo stato di guerre a livello mondiale, l\u2019occupazione della Palestina dura da moltissimo tempo e la preoccupazione di essere alla \u201csoluzione finale\u201d d\u00e0 determinazione a chi ha a cuore i valori di giustizia e vuole una pace duratura, per non stare in silenzio e per far sentire la propria voce. Solidarizziamo col popolo palestinese che con una volont\u00e0 indomita resiste all\u2019occupazione israeliana con ogni mezzo possibile&#8221; spiega il Coordinamento.<div id=\"videoincontent\" style=\"clear:both\";><\/div><\/p>\n\n\n\n<p>&#8220;60.000 morti di cui 20.000 bambini sono cifre che dovrebbero fare inorridire i cosiddetti custodi dei valori di democrazia e libert\u00e0, invece da parte dei governi europei solo silenzio e collaborazionismo. Esigiamo dal governo italiano, tra l\u2019altro coerentemente con i valori della costituzione italiana, che interrompa immediatamente qualsiasi collaborazione militare, inclusa la vendita di armi al governo israeliano. Pretendiamo che le Universit\u00e0 italiane cessino i rapporti, appena rinnovati, con universit\u00e0 israeliane. \u00c8 necessario boicottare e non avere scambi commerciali con le colonie, considerate illegali anche dall\u2019UE. Vogliamo la fine dell\u2019occupazione e dell\u2019apartheid e il ritorno delle persone profughe, in attuazione delle risoluzioni ONU&#8221; specifica il Cordinamemto. <\/p>\n\n\n\n<p>E conclude: &#8220;Vi invitiamo tutte e tutti ad unirvi con rabbia e amore al corteo cittadino del 28 giugno per fermare il genocidio e allo stop alla deportazione del popolo palestinese&#8221;.<\/p>\n","protected":false},"excerpt":{"rendered":"<p>Il coordinamento Messina-Palestina invita tutte le persone che sentono come importante in questo momento &#8220;dare un segnale internazionalista di umanit\u00e0, solidariet\u00e0 e complicit\u00e0 con il popolo palestinese, con i popoli oppressi e in lotta contro le oppressioni che subiscono; invitiamo tutti i collettivi, universitari e non, tutte le associazioni, i partiti, i sindacati, enti e [&hellip;]<\/p>\n","protected":false},"author":15,"featured_media":243763,"comment_status":"open","ping_status":"open","sticky":false,"template":"","format":"standard","meta":{"ub_ctt_via":"","_mi_skip_tracking":false},"categories":[5],"tags":[9623,5609,9621,5833],"featured_image_src":"https:\/\/www.messinaoggi.it\/website\/wp-content\/uploads\/2025\/06\/IMG-20250624-WA0002-e1750751222735.jpg","author_info":{"display_name":"red.me","author_link":"https:\/\/www.messinaoggi.it\/website\/author\/red-me\/"},"digistream_id":0,"digistream":false,"_links":{"self":[{"href":"https:\/\/www.messinaoggi.it\/website\/wp-json\/wp\/v2\/posts\/243760"}],"collection":[{"href":"https:\/\/www.messinaoggi.it\/website\/wp-json\/wp\/v2\/posts"}],"about":[{"href":"https:\/\/www.messinaoggi.it\/website\/wp-json\/wp\/v2\/types\/post"}],"author":[{"embeddable":true,"href":"https:\/\/www.messinaoggi.it\/website\/wp-json\/wp\/v2\/users\/15"}],"replies":[{"embeddable":true,"href":"https:\/\/www.messinaoggi.it\/website\/wp-json\/wp\/v2\/comments?post=243760"}],"version-history":[{"count":2,"href":"https:\/\/www.messinaoggi.it\/website\/wp-json\/wp\/v2\/posts\/243760\/revisions"}],"predecessor-version":[{"id":243762,"href":"https:\/\/www.messinaoggi.it\/website\/wp-json\/wp\/v2\/posts\/243760\/revisions\/243762"}],"wp:featuredmedia":[{"embeddable":true,"href":"https:\/\/www.messinaoggi.it\/website\/wp-json\/wp\/v2\/media\/243763"}],"wp:attachment":[{"href":"https:\/\/www.messinaoggi.it\/website\/wp-json\/wp\/v2\/media?parent=243760"}],"wp:term":[{"taxonomy":"category","embeddable":true,"href":"https:\/\/www.messinaoggi.it\/website\/wp-json\/wp\/v2\/categories?post=243760"},{"taxonomy":"post_tag","embeddable":true,"href":"https:\/\/www.messinaoggi.it\/website\/wp-json\/wp\/v2\/tags?post=243760"}],"curies":[{"name":"wp","href":"https:\/\/api.w.org\/{rel}","templated":true}]}}