{"id":243743,"date":"2025-06-23T23:09:26","date_gmt":"2025-06-23T21:09:26","guid":{"rendered":"https:\/\/www.messinaoggi.it\/website\/2025\/06\/23\/lemozione-di-essere-italiani-nuovo-spot-istituzionale-del-gruppo-fs\/"},"modified":"2025-06-23T23:09:26","modified_gmt":"2025-06-23T21:09:26","slug":"lemozione-di-essere-italiani-nuovo-spot-istituzionale-del-gruppo-fs","status":"publish","type":"post","link":"https:\/\/www.messinaoggi.it\/website\/2025\/06\/23\/lemozione-di-essere-italiani-nuovo-spot-istituzionale-del-gruppo-fs\/","title":{"rendered":"\u201cL\u2019emozione di essere italiani\u201d, nuovo spot istituzionale del gruppo Fs"},"content":{"rendered":"<div>ROMA (ITALPRESS) &#8211; &#8220;L&#8217;emozione di essere italiani&#8221; \u00e8 il titolo della nuova campagna istituzionale di FS, in onda dal 23 giugno con una pianificazione multicanale su TV, cinema, digital e social.<br \/>Un omaggio al carattere degli italiani e alla comunit\u00e0 di donne e uomini del Gruppo FS che ne condividono i valori, costruendo reti, connessioni e opportunit\u00e0 per milioni di persone.<br \/>Alla proiezione in anteprima del nuovo spot, che si \u00e8 svolta oggi a Roma a Piazza di Pietra, sono intervenuti il Presidente del Gruppo FS, Tommaso Tanzilli, l&#8217;Amministratore Delegato e Direttore Generale, Stefano Antonio Donnarumma, e il Chief Corporate Affairs, Communication e Sustainability Officer,<br \/>Giuseppe Inchingolo.<br \/>Alla presentazione ha preso parte anche il Vicepresidente del Consiglio e Ministro delle Infrastrutture e dei Trasporti, Matteo Salvini. Presenti anche l&#8217;ex campionessa di sci alpino, Deborah Compagnoni, e il campione mondiale di para-snowboard, Jacopo Luchini.<br \/>&#8220;Con questa campagna abbiamo voluto dare voce al valore autentico del lavoro quotidiano delle donne e degli uomini del Gruppo FS, vera spina dorsale della nostra azienda. E&#8217; grazie al loro impegno e alla loro competenza che visione e progettualit\u00e0 si trasformano in risultati concreti&#8221;, ha dichiarato il Presidente del Gruppo FS, Tommaso Tanzilli. &#8220;La nostra missione pi\u00f9 ambiziosa \u00e8 creare<br \/>connessioni &#8211; fisiche, sociali, culturali &#8211; in grado di unire territori, rafforzare comunit\u00e0 e promuovere una mobilit\u00e0 sempre pi\u00f9 integrata, accessibile e sostenibile. Oggi l&#8217;Italia affronta una sfida decisiva: accelerare la transizione ecologica e digitale, colmare i divari infrastrutturali tra Nord e Sud e dare<br \/>piena attuazione agli investimenti strategici del PNRR. Il contributo del Gruppo FS sar\u00e0 fondamentale per accompagnare il Paese verso un futuro pi\u00f9 connesso, inclusivo e competitivo&#8221;.<br \/>&#8220;Il Paese sta attraversando la pi\u00f9 grande trasformazione infrastrutturale della sua storia, e il Gruppo FS \u00e8 chiamato a svolgere un ruolo da protagonista in questo cambiamento&#8221;, ha dichiarato l&#8217;Amministratore Delegato e Direttore Generale del Gruppo FS, Stefano Antonio Donnarumma. &#8220;Con i 100 miliardi di euro previsti dal nostro Piano Strategico, il pi\u00f9 ambizioso<br \/>mai realizzato dal Gruppo, puntiamo a modernizzare la rete ferroviaria e stradale, ridurre i divari territoriali e costruire un sistema di mobilit\u00e0 integrato e sostenibile, all&#8217;altezza delle sfide future. Un piano che non riguarda solo le infrastrutture, ma contribuisce concretamente alla crescita dell&#8217;Italia,<br \/>generando occupazione e valore economico. I 1.200 cantieri attivi ogni giorno, molti dei quali concentrati nei mesi estivi per ridurre gli impatti sui pendolari che si spostano per lavoro o studio, rappresentano il volto concreto di questo impegno. Con questa campagna vogliamo raccontare con trasparenza ci\u00f2 che<br \/>stiamo facendo, perch\u00e8 dietro ogni opera ci sono persone, competenze e passione&#8221;.<br \/>&#8220;Il nuovo spot del Gruppo FS \u00e8 il risultato di un grande lavoro e rappresenta molto pi\u00f9 di una semplice campagna di comunicazione: \u00e8 un racconto dell&#8217;Italia e di ci\u00f2 che le Ferrovie Italiane significano nella storia e nel futuro del Paese&#8221;, ha affermato il Chief Corporate Affairs, Communication e Sustainability Officer, Giuseppe Inchingolo. &#8220;Abbiamo scelto di partire dalle persone. Dalla loro capacit\u00e0 di resistere, di affrontare ostacoli, di andare avanti. E&#8217; da qui che nasce l&#8217;idea di un &#8220;popolo di ferro&#8221;: un popolo che non si \u00e8 mai arreso. Che ha fatto della resilienza una forma di identit\u00e0 nazionale. L&#8217;orgoglio di essere italiani, che nasce dalla capacit\u00e0 di fare bene le cose, con passione e<br \/>visione, anche fuori dai confini nazionali, quando esportiamo il Made in Italy attraverso le nostre competenze, le nostre tecnologie, la nostra cultura industriale&#8221;.<br \/>Firmato da VML Italy, prodotto da Buddy Film e diretto dal regista Tobia Passigato, lo spot restituisce il senso identitario della missione del Gruppo FS: collegare il Paese attraverso infrastrutture solide e il lavoro quotidiano di una comunit\u00e0 che costruisce il futuro. Ad accompagnare le immagini \u00e8 il brano &#8220;Polvere e gloria&#8221;, interpretato da Andrea Bocelli, che compare anche in un breve cameo. La voce narrante dello spot \u00e8<br \/>invece quella dell&#8217;attore e doppiatore Adriano Giannini.<div id=\"div-gpt-ad-Messinaoggi.it-DSK-300x250-corpoart\" style=\"text-align:center;margin:0 auto;\"><\/div><\/p>\n<p>-news in collaborazione con Fs-<br \/>-foto ufficio stampa Fs &#8211;<div id=\"videoincontent\" style=\"clear:both\";><\/div><\/p>\n<p>(ITALPRESS).<\/p><\/div>\n","protected":false},"excerpt":{"rendered":"<p>ROMA (ITALPRESS) &#8211; &#8220;L&#8217;emozione di essere italiani&#8221; \u00e8 il titolo della nuova campagna istituzionale di FS, in onda dal 23 giugno con una pianificazione multicanale su TV, cinema, digital e social.Un omaggio al carattere degli italiani e alla comunit\u00e0 di donne e uomini del Gruppo FS che ne condividono i valori, costruendo reti, connessioni e [&hellip;]<\/p>\n","protected":false},"author":18,"featured_media":243744,"comment_status":"closed","ping_status":"closed","sticky":false,"template":"","format":"standard","meta":{"ub_ctt_via":"","_mi_skip_tracking":false},"categories":[446],"tags":[783],"featured_image_src":"https:\/\/www.messinaoggi.it\/website\/wp-content\/uploads\/2025\/06\/20250623_2491.jpg","author_info":{"display_name":"Admin","author_link":"https:\/\/www.messinaoggi.it\/website\/author\/admin\/"},"digistream_id":0,"digistream":false,"_links":{"self":[{"href":"https:\/\/www.messinaoggi.it\/website\/wp-json\/wp\/v2\/posts\/243743"}],"collection":[{"href":"https:\/\/www.messinaoggi.it\/website\/wp-json\/wp\/v2\/posts"}],"about":[{"href":"https:\/\/www.messinaoggi.it\/website\/wp-json\/wp\/v2\/types\/post"}],"author":[{"embeddable":true,"href":"https:\/\/www.messinaoggi.it\/website\/wp-json\/wp\/v2\/users\/18"}],"replies":[{"embeddable":true,"href":"https:\/\/www.messinaoggi.it\/website\/wp-json\/wp\/v2\/comments?post=243743"}],"version-history":[{"count":0,"href":"https:\/\/www.messinaoggi.it\/website\/wp-json\/wp\/v2\/posts\/243743\/revisions"}],"wp:featuredmedia":[{"embeddable":true,"href":"https:\/\/www.messinaoggi.it\/website\/wp-json\/wp\/v2\/media\/243744"}],"wp:attachment":[{"href":"https:\/\/www.messinaoggi.it\/website\/wp-json\/wp\/v2\/media?parent=243743"}],"wp:term":[{"taxonomy":"category","embeddable":true,"href":"https:\/\/www.messinaoggi.it\/website\/wp-json\/wp\/v2\/categories?post=243743"},{"taxonomy":"post_tag","embeddable":true,"href":"https:\/\/www.messinaoggi.it\/website\/wp-json\/wp\/v2\/tags?post=243743"}],"curies":[{"name":"wp","href":"https:\/\/api.w.org\/{rel}","templated":true}]}}