{"id":243711,"date":"2025-06-24T00:34:22","date_gmt":"2025-06-23T22:34:22","guid":{"rendered":"https:\/\/www.messinaoggi.it\/website\/2025\/06\/23\/alla-camera-di-commercio-palermo-enna-istituzioni-a-confronto-sulle-infrastrutture\/"},"modified":"2025-06-23T21:58:27","modified_gmt":"2025-06-23T19:58:27","slug":"alla-camera-di-commercio-palermo-enna-istituzioni-a-confronto-sulle-infrastrutture","status":"publish","type":"post","link":"https:\/\/www.messinaoggi.it\/website\/2025\/06\/24\/alla-camera-di-commercio-palermo-enna-istituzioni-a-confronto-sulle-infrastrutture\/","title":{"rendered":"Alla Camera di Commercio Palermo-Enna istituzioni a confronto sulle infrastrutture"},"content":{"rendered":"<div>\n<p>PALERMO (ITALPRESS) \u2013 Un confronto tra diversi attori istituzionali per parlare di infrastrutture di ogni genere, relativamente a ci\u00f2 che \u00e8 stato gi\u00e0 fatto e a ci\u00f2 che ancora va fatto per rendere la Sicilia ancora pi\u00f9 attrattiva e competitiva: questo l\u2019epicentro del convegno <strong>\u2018Le condizioni infrastrutturali per lo sviluppo del trasporto ferroviario, stradale e marittimo in Sicilia\u2019<\/strong>, tenutosi presso la <strong>Camera di Commercio Palermo-Enna.<\/strong><div id=\"div-gpt-ad-Messinaoggi.it-DSK-300x250-corpoart\" style=\"text-align:center;margin:0 auto;\"><\/div><\/p>\n<p>Per la Regione ha partecipato l\u2019assessore alle Infrastrutture Alessandro Aric\u00f2, che si \u00e8 soffermato sui risultati acquisiti in quasi tre anni di governo Schifani:<em> \u201cAbbiamo portato tutti gli indicatori economici ai massimi livelli: la Sicilia nel 2023 e nel 2024 \u00e8 in testa per incremento economico e Pil prodotto, per noi \u00e8 un motivo di grande orgoglio perch\u00e9 siamo sulla strada giusta e gli investimenti infrastrutturali si stanno realizzando. Siamo anche la prima regione italiana in termini di velocit\u00e0 per sbloccare la Conferenza dei servizi per favorire un avvio rapido dei lavori pubblici: siamo operativi per colmare i decenni di gap infrastrutturale in Sicilia, che sono diversi\u201d.<\/em><div id=\"videoincontent\" style=\"clear:both\";><\/div><\/p>\n<p>Guardando a quanto fatto su autostrade, aeroporti, porti e ferrovie, Aric\u00f2 sottolinea come <em>\u201ccon il presidente Schifani lavoriamo soprattutto sulla bisettrice pi\u00f9 importante di collegamento, che \u00e8 l\u2019autostrada Palermo-Catania: siamo consapevoli di quanto ci sia ancora da fare e Schifani, nella qualit\u00e0 di commissario di governo, ha gi\u00e0 redatto con i suoi uffici un piano per eliminare le situazioni di disagio. Non dimentichiamo il grande successo dei sei aeroporti siciliani, che anche quest\u2019anno si confermano il terzo sistema aeroportuale in Italia dopo Lazio e Lombardia: questo, se vogliamo, \u00e8 dovuto anche a uno sconto organico del 25% e del 50% per permettere a tutti i siciliani di viaggiare da e verso l\u2019isola; ci\u00f2 ha generato non solo un maggior numero di passeggeri, ma un vero e proprio aumento dei voli e un conseguente aumento di rotte da e verso la Sicilia da parte delle compagnie. Passando ai collegamenti delle varie isole del territorio, anche questi stanno andando a gonfie vele: siamo la prima regione italiana ad aver usato fondi extraregionali per la costruzione del primo traghetto Made in Sicily, che sar\u00e0 pronto a salpare gi\u00e0 nel 2026 e la cui costruzione sta per essere terminata presso la sede di Fincantieri. Nei prossimi mesi, a livello ferroviario, Palermo sar\u00e0 protagonista delle aperture di due stazioni in pi\u00f9 con il semicompletamento dell\u2019anello ferroviario; inoltre, da qui a fine 2027 ci saranno una serie di linee da completare\u201d.<\/em><\/p>\n<p>L\u2019assessore chiude focalizzando l\u2019attenzione su un ultimo intervento:<em> \u201cSappiamo che per i lavori pubblici non sempre le date corrispondono alle esigenze che abbiamo, per\u00f2 voglio ricordare come sul raddoppio di ponte Corleone siano state reperite quelle risorse che aspettavamo dal 2001: abbiamo pensato l\u2019opera, l\u2019abbiamo finanziata, gli operai stanno lavorando sulla base e noi come governo regionale ci siamo presi l\u2019impegno di vederla realizzata entro fine legislatura, con una dote economica di 17,5 milioni di euro gi\u00e0 stanziati\u201d.<\/em> Alessandro <strong>Albanese,<\/strong> presidente della Camera di Commercio Palermo-Enna, si concentra nello specifico sugli aeroporti, con una proposta nei confronti della politica: <em>\u201cChi vuole arrivare in Sicilia pu\u00f2 farlo pi\u00f9 agevolmente in aereo: se vogliamo avere un traffico internazionale che funzioni veramente, posto che gli snodi aeroportuali sono diventati il principale strumento di trasporto, \u00e8 fondamentale che i nostri scali siano pi\u00f9 competitivi al di fuori dei confini nazionali, sapendo che ci sono circa 20 milioni di passeggeri tra Palermo, Catania, Trapani e le isole minori. L\u2019idea potrebbe essere quella di un\u2019unica authority costruita sotto l\u2019egida della Regione, che metta insieme le quattro societ\u00e0 di gestione per quanto riguarda le scelte strategiche, ovvero quali rotte fare, come e quando farle, come contrattare con le compagnie aeree: naturalmente andrebbe sempre lasciata la specificit\u00e0 delle singole compagnie di gestione, che comunque andrebbero privatizzate perch\u00e9 oggi bisogna muoversi con pi\u00f9 velocit\u00e0 nelle scelte\u201d.<\/em><\/p>\n<p>Luca Lupi, segretario dell\u2019Autorit\u00e0 di Sistema portuale per la Sicilia occidentale, si sofferma sulle opere in via di completamento in ambito marittimo.<em> \u201cI lavori nel porto di Palermo vanno avanti e in questo senso mi sento di tranquillizzare tutti i cittadini e coloro che a vario titolo sono interessati alle opere in fase di realizzazione nei porti che amministriamo. Siamo ormai partiti anche con i lavori che riguardano il nuovo bacino di carenaggio: pochi giorni fa abbiamo trasferito il terminal container dal porto di Palermo a quello di Termini Imerese, ma abbiamo tante progettualit\u00e0 pronte anche nei porti decentrati di Gela, Licata e Sciacca; le attivit\u00e0 proseguono regolarmente, non possiamo fermarci un attimo. L\u2019opera a cui teniamo particolarmente \u00e8 sicuramente l\u2019interfaccia porto-citt\u00e0, che vedr\u00e0 la luce entro la fine di quest\u2019anno; altrettanto importante \u00e8 il nuovo bacino di carenaggio che ha un importante valore economico, considerato che parliamo di 450 milioni di euro e che avr\u00e0 anche un importante effetto a livello occupazionale sul territorio. La fermata della metropolitana all\u2019interno del porto \u00e8 un\u2019opera strategica: anche questi lavori stanno andando avanti e saranno completati nei prossimi mesi. Questa fermata \u00e8 strategica per il flusso di crocieristi e avr\u00e0 modo di collegare con maggiore facilit\u00e0 il porto al resto della citt\u00e0\u201d.<\/em><\/p>\n<p>Per quanto riguarda invece l\u2019eredit\u00e0 di Pasqualino Monti alla presidenza dell\u2019Autorit\u00e0 portuale, commenta Lupi, <em>\u201cle scelte per fortuna competono ad altri: io sono spettatore, penso a fare il mio lavoro e vado avanti\u201d. <\/em><\/p>\n<p>\u2013 foto xd8\/Italpress \u2013<\/p>\n<p>(ITALPRESS).<\/p>\n<\/div>\n","protected":false},"excerpt":{"rendered":"<p>PALERMO (ITALPRESS) \u2013 Un confronto tra diversi attori istituzionali per parlare di infrastrutture di ogni genere, relativamente a ci\u00f2 che \u00e8 stato gi\u00e0 fatto e a ci\u00f2 che ancora va fatto per rendere la Sicilia ancora pi\u00f9 attrattiva e competitiva: questo l\u2019epicentro del convegno \u2018Le condizioni infrastrutturali per lo sviluppo del trasporto ferroviario, stradale e [&hellip;]<\/p>\n","protected":false},"author":18,"featured_media":243712,"comment_status":"closed","ping_status":"closed","sticky":false,"template":"","format":"standard","meta":{"ub_ctt_via":"","_mi_skip_tracking":false},"categories":[11,2449],"tags":[783],"featured_image_src":"https:\/\/www.messinaoggi.it\/website\/wp-content\/uploads\/2025\/06\/Camera-di-Commercio-Palermo-Enna-1.jpg","author_info":{"display_name":"Admin","author_link":"https:\/\/www.messinaoggi.it\/website\/author\/admin\/"},"digistream_id":0,"digistream":false,"_links":{"self":[{"href":"https:\/\/www.messinaoggi.it\/website\/wp-json\/wp\/v2\/posts\/243711"}],"collection":[{"href":"https:\/\/www.messinaoggi.it\/website\/wp-json\/wp\/v2\/posts"}],"about":[{"href":"https:\/\/www.messinaoggi.it\/website\/wp-json\/wp\/v2\/types\/post"}],"author":[{"embeddable":true,"href":"https:\/\/www.messinaoggi.it\/website\/wp-json\/wp\/v2\/users\/18"}],"replies":[{"embeddable":true,"href":"https:\/\/www.messinaoggi.it\/website\/wp-json\/wp\/v2\/comments?post=243711"}],"version-history":[{"count":1,"href":"https:\/\/www.messinaoggi.it\/website\/wp-json\/wp\/v2\/posts\/243711\/revisions"}],"predecessor-version":[{"id":243728,"href":"https:\/\/www.messinaoggi.it\/website\/wp-json\/wp\/v2\/posts\/243711\/revisions\/243728"}],"wp:featuredmedia":[{"embeddable":true,"href":"https:\/\/www.messinaoggi.it\/website\/wp-json\/wp\/v2\/media\/243712"}],"wp:attachment":[{"href":"https:\/\/www.messinaoggi.it\/website\/wp-json\/wp\/v2\/media?parent=243711"}],"wp:term":[{"taxonomy":"category","embeddable":true,"href":"https:\/\/www.messinaoggi.it\/website\/wp-json\/wp\/v2\/categories?post=243711"},{"taxonomy":"post_tag","embeddable":true,"href":"https:\/\/www.messinaoggi.it\/website\/wp-json\/wp\/v2\/tags?post=243711"}],"curies":[{"name":"wp","href":"https:\/\/api.w.org\/{rel}","templated":true}]}}