{"id":243705,"date":"2025-06-23T19:09:24","date_gmt":"2025-06-23T17:09:24","guid":{"rendered":"https:\/\/www.messinaoggi.it\/website\/2025\/06\/23\/meloni-priorita-cessate-il-fuoco-a-gaza-e-negoziati-sulliran\/"},"modified":"2025-06-23T21:58:39","modified_gmt":"2025-06-23T19:58:39","slug":"meloni-priorita-cessate-il-fuoco-a-gaza-e-negoziati-sulliran","status":"publish","type":"post","link":"https:\/\/www.messinaoggi.it\/website\/2025\/06\/23\/meloni-priorita-cessate-il-fuoco-a-gaza-e-negoziati-sulliran\/","title":{"rendered":"Meloni \u201cPriorit\u00e0 cessate il fuoco a Gaza e negoziati sull\u2019Iran\u201d"},"content":{"rendered":"<div>di Francesca Tana<br \/>ROMA (ITALPRESS) &#8211; &#8220;Il Consiglio Europeo si terr\u00e0, come purtroppo avviene da tempo, in un frangente internazionale estremamente complesso, dove alla guerra in Ucraina e alla grave situazione in cui versa la striscia di Gaza, si \u00e8 aggiunta la recente escalation in Medio Oriente. Il punto di partenza resta il cessate il fuoco a Gaza, e la ripresa delle negoziazioni tra le parti sul conflitto in Iran, condizioni necessarie a definire una nuova architettura politica e di sicurezza&#8221;. Cos\u00ec il presidente del Consiglio, Giorgia Meloni, nel corso delle comunicazioni alla Camera in vista della riunione del Consiglio europeo del 26 e 27 giugno. &#8220;Sulla crisi, la posizione del governo italiano rimane chiara. Reputiamo molto pericolosa l&#8217;ipotesi che l&#8217;Iran si doti dell&#8217;arma nucleare. Un Iran come potenza nucleare non rappresenterebbe solamente un pericolo vitale per Israele, ma avvierebbe una rincorsa a dotarsi di armi atomiche da parte degli altri attori dell&#8217;area, innescando un effetto domino molto pericoloso anche per noi. Siamo convinti che solo un&#8217;azione diplomatica coordinata possa garantire la pace nella regione &#8211; prosegue -. E&#8217; la ragione per la quale avevamo sostenuto con convinzione le negoziazioni tra USA e Iran. Abbiamo ospitato a Roma, in questi mesi, due round negoziali e siamo pronti a fare la nostra parte anche oggi. Ma \u00e8 giunto il tempo di abbandonare ambiguit\u00e0 e distinguo: l&#8217;Iran deve evitare ritorsioni contro gli Stati Uniti e cogliere l&#8217;opportunit\u00e0, oggi, di un accordo con Washington sul proprio programma nucleare, consapevole che \u00e8 possibile portare avanti un programma civile in un modo che garantisca la totale assenza di fini militari&#8221;.<br \/>Meloni poi assicura che &#8220;nessun aereo americano \u00e8 partito da basi italiane e che la nostra Nazione non ha in alcun modo preso parte alla operazione militare. L&#8217;acuirsi della crisi genera, ovvio, molta preoccupazione, per le possibili ripercussioni in tutto il Medio Oriente e oltre. Stiamo vagliando le ipotesi di risposta da parte iraniana e in particolare stiamo monitorando Hormuz, uno stretto strategico per le economie globali, capace di condizionare il prezzo del petrolio e dell&#8217;energia a livello mondiale. Ma, in ogni caso, ci siamo gi\u00e0 occupati di assicurare all&#8217;Italia gli approvvigionamenti necessari&#8221;. Tornando alla situazione a Gaza, la premier ribadisce la priorit\u00e0 per l&#8217;Italia: &#8220;il cessate il fuoco a Gaza dove la legittima reazione di Israele a un terribile e insensato attacco terroristico sta assumendo forme drammatiche e inaccettabili, che chiediamo a Israele di fermare immediatamente. Per la Palestina, siamo pronti a fornire il nostro contributo per un assetto futuro in cui i due popoli possano convivere in pace, dignit\u00e0 e sicurezza, in cui i terroristi non possano avere alcun ruolo e in cui la Striscia di Gaza non possa mai pi\u00f9 essere una piattaforma per attacchi verso Israele. L&#8217;Italia, insomma, \u00e8 impegnata nella ricerca di soluzioni serie e concrete e non \u00e8 interessata alle speculazioni politiche, perch\u00e8 la difficilissima situazione che sta vivendo il Medio Oriente non lo consente. La riconoscenza della popolazione palestinese ed israeliana per quanto ha fatto e sta facendo l&#8217;Italia \u00e8 l&#8217;unica cosa che ha importanza per noi. Lo voglio dire agli italiani: siate fieri di quanto ha fatto la nostra Nazione, dalle istituzioni al mondo del volontariato, dai nostri militari ai nostri medici e infermieri, per aiutare le persone comuni che stanno vivendo questo drammatico momento&#8221;, aggiunge.<br \/>Altro tema caldo \u00e8 la guerra tra Russia e Ucraina. &#8220;Assistiamo in questo frangente a una fase estremamente delicata del conflitto, con l&#8217;assenza di progressi sostanziali sul piano negoziale, specie in termini di cessazione delle ostilit\u00e0. Alla luce di questi sviluppi, due sono le direttrici su cui ci stiamo muovendo: sostegno all&#8217;Ucraina e pressione sulla Russia. Anche qui, l&#8217;obiettivo immediato \u00e8 un cessate il fuoco che fermi i combattimenti e lasci il campo alla diplomazia, per discutere un vero e duraturo accordo di pace, che giocoforza avr\u00e0 un impatto anche sull&#8217;architettura di sicurezza europea. Credo che l&#8217;impegno dell&#8217;Ucraina a favore della pace sia chiaro a tutti. La Federazione Russia deve ora dimostrare di volersi seriamente impegnare al tavolo negoziale. Al momento, purtroppo, non vediamo questo impegno &#8211; osserva -, penso, quindi, che in questa fase sia importante esercitare sulla Russia una pressione coordinata, e siamo pronti a farlo con il diciottesimo pacchetto sanzionatorio attualmente in discussione a Bruxelles, incentrato sulla flotta ombra di petroliere riconducibili alla Russia, utilizzate per aggirare le sanzioni, e pi\u00f9 in generale sul settore energetico e su quello bancario&#8221;.<br \/>Il presidente del Consiglio, inoltre, parla delle spese per la difesa anche in vista del vertice NATO. &#8220;Nel 2014, gli Stati membri dell&#8217;Alleanza Atlantica si erano impegnati a fornire le forze e le capacit\u00e0 richieste dai piani di difesa della NATO, equivalenti al raggiungimento in 10 anni di spese per la difesa pari al 2% del PIL. Da allora, tutti i governi italiani hanno confermato quell&#8217;impegno, senza eccezioni di colore politico. E&#8217; un obiettivo che abbiamo raggiunto, rispettando cos\u00ec la parola data dall&#8217;Italia a livello internazionale. Al vertice dell&#8217;Aja ci confronteremo sulla proposta presentata dal Segretario Generale della NATO Rutte sul potenziamento della capacit\u00e0 difensiva dell&#8217;Alleanza e saremo chiamati ad assumere impegni all&#8217;altezza della complessit\u00e0 del tempo che viviamo &#8211; spiega -. Impegni che dovranno essere chiari, trasparenti e soprattutto sostenibili dal punto di vista economico e finanziario, sia per questo Governo sia per quelli che verranno dopo di noi. Resta ferma la necessit\u00e0, a livello europeo, di rendere compatibili le regole del patto di stabilit\u00e0 con l&#8217;incremento delle spese di difesa concordate con gli alleati&#8221;.<div id=\"div-gpt-ad-Messinaoggi.it-DSK-300x250-corpoart\" style=\"text-align:center;margin:0 auto;\"><\/div><\/p>\n<p>&#8211; Foto IPA Agency &#8211;<div id=\"videoincontent\" style=\"clear:both\";><\/div><\/p>\n<p>(ITALPRESS).<\/p><\/div>\n","protected":false},"excerpt":{"rendered":"<p>di Francesca TanaROMA (ITALPRESS) &#8211; &#8220;Il Consiglio Europeo si terr\u00e0, come purtroppo avviene da tempo, in un frangente internazionale estremamente complesso, dove alla guerra in Ucraina e alla grave situazione in cui versa la striscia di Gaza, si \u00e8 aggiunta la recente escalation in Medio Oriente. Il punto di partenza resta il cessate il fuoco [&hellip;]<\/p>\n","protected":false},"author":18,"featured_media":243706,"comment_status":"closed","ping_status":"closed","sticky":false,"template":"","format":"standard","meta":{"ub_ctt_via":"","_mi_skip_tracking":false},"categories":[446,4],"tags":[783],"featured_image_src":"https:\/\/www.messinaoggi.it\/website\/wp-content\/uploads\/2025\/06\/20250623_2033.jpg","author_info":{"display_name":"Admin","author_link":"https:\/\/www.messinaoggi.it\/website\/author\/admin\/"},"digistream_id":0,"digistream":false,"_links":{"self":[{"href":"https:\/\/www.messinaoggi.it\/website\/wp-json\/wp\/v2\/posts\/243705"}],"collection":[{"href":"https:\/\/www.messinaoggi.it\/website\/wp-json\/wp\/v2\/posts"}],"about":[{"href":"https:\/\/www.messinaoggi.it\/website\/wp-json\/wp\/v2\/types\/post"}],"author":[{"embeddable":true,"href":"https:\/\/www.messinaoggi.it\/website\/wp-json\/wp\/v2\/users\/18"}],"replies":[{"embeddable":true,"href":"https:\/\/www.messinaoggi.it\/website\/wp-json\/wp\/v2\/comments?post=243705"}],"version-history":[{"count":1,"href":"https:\/\/www.messinaoggi.it\/website\/wp-json\/wp\/v2\/posts\/243705\/revisions"}],"predecessor-version":[{"id":243729,"href":"https:\/\/www.messinaoggi.it\/website\/wp-json\/wp\/v2\/posts\/243705\/revisions\/243729"}],"wp:featuredmedia":[{"embeddable":true,"href":"https:\/\/www.messinaoggi.it\/website\/wp-json\/wp\/v2\/media\/243706"}],"wp:attachment":[{"href":"https:\/\/www.messinaoggi.it\/website\/wp-json\/wp\/v2\/media?parent=243705"}],"wp:term":[{"taxonomy":"category","embeddable":true,"href":"https:\/\/www.messinaoggi.it\/website\/wp-json\/wp\/v2\/categories?post=243705"},{"taxonomy":"post_tag","embeddable":true,"href":"https:\/\/www.messinaoggi.it\/website\/wp-json\/wp\/v2\/tags?post=243705"}],"curies":[{"name":"wp","href":"https:\/\/api.w.org\/{rel}","templated":true}]}}