{"id":243703,"date":"2025-06-24T00:09:22","date_gmt":"2025-06-23T22:09:22","guid":{"rendered":"https:\/\/www.messinaoggi.it\/website\/2025\/06\/23\/medio-oriente-tajani-ue-abbia-linea-comune-e-lavori-per-de-escalation\/"},"modified":"2025-06-23T21:58:54","modified_gmt":"2025-06-23T19:58:54","slug":"medio-oriente-tajani-ue-abbia-linea-comune-e-lavori-per-de-escalation","status":"publish","type":"post","link":"https:\/\/www.messinaoggi.it\/website\/2025\/06\/24\/medio-oriente-tajani-ue-abbia-linea-comune-e-lavori-per-de-escalation\/","title":{"rendered":"Medio Oriente, Tajani \u201cUe abbia linea comune e lavori per de-escalation\u201d"},"content":{"rendered":"<div>BRUXELLES (BELGIO) (ITALPRESS) &#8211; &#8220;Il nostro obiettivo \u00e8 quello di favorire una ripresa di dialogo tra Usa e Iran e abbiamo proposto Roma come sede per la mediazione. La nostra posizione \u00e8 chiara: s\u00ec al nucleare a Teheran ma solo per scopi civili, non militari&#8221;.<br \/>Queste le parole del vicepremier e ministro degli Esteri, Antonio Tajani, arrivando al Consiglio Ue Affari Esteri a Bruxelles.<br \/>&#8220;L&#8217;attacco americano c&#8217;\u00e8 stato, dobbiamo lavorare affinch\u00e8 ci sia una de-escalation, per questo ho parlato con il ministro degli Esteri dell&#8217;Iran e di Israele ribadendo la posizione dell&#8217;Italia di cessare il fuoco &#8211; ha aggiunto Tajani -. Questa dovr\u00e0 essere la linea comune dell&#8217;Unione europea che dovr\u00e0 proseguire unita al fine di garantire la stabilit\u00e0 in Medio Oriente&#8221;. <br \/>In merito ai recenti sviluppi in Libia, il ministro degli Esteri ha aggiunto: &#8220;abbiamo chiesto di discutere di questo argomento vista la recente situazione di instabilit\u00e0 nell&#8217;area del Mediterraneo. Dobbiamo fare in modo che l&#8217;Unione europea avanzi unita e giochi un ruolo da protagonista e agisca con fermezza in questa crisi. E&#8217; fondamentale che i flussi migratori non vengano utilizzati ad arte per creare ulteriori turbolenze&#8221;.<br \/>Commentando infine la proposta del premier spagnolo Pedro Sanchez di rivedere gli accordi si associazione fra Unione Europea e Israele, Tajani ha ribadito come in questo momento il dialogo con Tel Aviv resti di primaria importanza. &#8220;La nostra posizione \u00e8 diversa da quella della Spagna &#8211; ha spiegato -, gli accordi di associazione sono quello che ci ha permesso di accogliere profughi palestinesi e far entrare aiuti umanitari a Gaza. Assieme all&#8217;Egitto e all&#8217;Oman, l&#8217;Italia \u00e8 il paese che \u00e8 riuscito ad accogliere pi\u00f9 persone provenienti da Gaza, quindi a maggior ragione ribadiamo l&#8217;importanza di mantenere aperti i canali di dialogo&#8221;.<div id=\"div-gpt-ad-Messinaoggi.it-DSK-300x250-corpoart\" style=\"text-align:center;margin:0 auto;\"><\/div><\/p>\n<p>&#8211; Foto IPA Agency &#8211;<div id=\"videoincontent\" style=\"clear:both\";><\/div><\/p>\n<p>(ITALPRESS).<\/p><\/div>\n","protected":false},"excerpt":{"rendered":"<p>BRUXELLES (BELGIO) (ITALPRESS) &#8211; &#8220;Il nostro obiettivo \u00e8 quello di favorire una ripresa di dialogo tra Usa e Iran e abbiamo proposto Roma come sede per la mediazione. La nostra posizione \u00e8 chiara: s\u00ec al nucleare a Teheran ma solo per scopi civili, non militari&#8221;.Queste le parole del vicepremier e ministro degli Esteri, Antonio Tajani, [&hellip;]<\/p>\n","protected":false},"author":18,"featured_media":243704,"comment_status":"closed","ping_status":"closed","sticky":false,"template":"","format":"standard","meta":{"ub_ctt_via":"","_mi_skip_tracking":false},"categories":[446,4],"tags":[783],"featured_image_src":"https:\/\/www.messinaoggi.it\/website\/wp-content\/uploads\/2025\/06\/20250623_1108.jpg","author_info":{"display_name":"Admin","author_link":"https:\/\/www.messinaoggi.it\/website\/author\/admin\/"},"digistream_id":0,"digistream":false,"_links":{"self":[{"href":"https:\/\/www.messinaoggi.it\/website\/wp-json\/wp\/v2\/posts\/243703"}],"collection":[{"href":"https:\/\/www.messinaoggi.it\/website\/wp-json\/wp\/v2\/posts"}],"about":[{"href":"https:\/\/www.messinaoggi.it\/website\/wp-json\/wp\/v2\/types\/post"}],"author":[{"embeddable":true,"href":"https:\/\/www.messinaoggi.it\/website\/wp-json\/wp\/v2\/users\/18"}],"replies":[{"embeddable":true,"href":"https:\/\/www.messinaoggi.it\/website\/wp-json\/wp\/v2\/comments?post=243703"}],"version-history":[{"count":1,"href":"https:\/\/www.messinaoggi.it\/website\/wp-json\/wp\/v2\/posts\/243703\/revisions"}],"predecessor-version":[{"id":243730,"href":"https:\/\/www.messinaoggi.it\/website\/wp-json\/wp\/v2\/posts\/243703\/revisions\/243730"}],"wp:featuredmedia":[{"embeddable":true,"href":"https:\/\/www.messinaoggi.it\/website\/wp-json\/wp\/v2\/media\/243704"}],"wp:attachment":[{"href":"https:\/\/www.messinaoggi.it\/website\/wp-json\/wp\/v2\/media?parent=243703"}],"wp:term":[{"taxonomy":"category","embeddable":true,"href":"https:\/\/www.messinaoggi.it\/website\/wp-json\/wp\/v2\/categories?post=243703"},{"taxonomy":"post_tag","embeddable":true,"href":"https:\/\/www.messinaoggi.it\/website\/wp-json\/wp\/v2\/tags?post=243703"}],"curies":[{"name":"wp","href":"https:\/\/api.w.org\/{rel}","templated":true}]}}