{"id":243701,"date":"2025-06-23T17:34:22","date_gmt":"2025-06-23T15:34:22","guid":{"rendered":"https:\/\/www.messinaoggi.it\/website\/2025\/06\/23\/giuli-a-messina-nascera-una-sede-del-maxxi-sara-qualcosa-di-diverso\/"},"modified":"2025-06-23T21:59:07","modified_gmt":"2025-06-23T19:59:07","slug":"giuli-a-messina-nascera-una-sede-del-maxxi-sara-qualcosa-di-diverso","status":"publish","type":"post","link":"https:\/\/www.messinaoggi.it\/website\/2025\/06\/23\/giuli-a-messina-nascera-una-sede-del-maxxi-sara-qualcosa-di-diverso\/","title":{"rendered":"Giuli \u201cA Messina nascer\u00e0 una sede del Maxxi, sar\u00e0 qualcosa di diverso\u201d"},"content":{"rendered":"<div>\n<p>MESSINA (ITALPRESS) \u2013 <em>\u201cLa sede del Maxxi di Messina si far\u00e0. Non sar\u00e0 semplicemente una seconda o terza sede del museo: sar\u00e0 qualcosa di diverso, di speciale. Sar\u00e0 l\u2019epicentro di un\u2019operazione di diplomazia culturale senza precedenti in Italia\u201d.<\/em> E\u2019 l\u2019annuncio del ministro della Cultura, Alessandro <strong>Giuli,<\/strong> al termine di un tavolo tecnico svoltosi nel Comune di <strong>Messina,<\/strong> alla presenza del sindaco Federico <strong>Basile,<\/strong> della rettrice dell\u2019Universit\u00e0 di Messina Giovanna <strong>Spatari<\/strong> e dei rappresentanti politici di diversi schieramenti.<em> \u201cSi tratta di molto pi\u00f9 di una semplice sede del Maxxi<\/em> \u2013 ha proseguito Giuli \u2013<em> le persone che mi circondano rappresentano un sistema coeso, animato da una visione di diplomazia culturale che sta dando vita a un progetto ambizioso, rivolto all\u2019intero bacino del Mediterraneo allargato, con Messina come citt\u00e0 di riferimento. Le Torri Morandi diventeranno uno dei poli per la programmazione e l\u2019esposizione di questo nuovo percorso\u201d.<\/em><div id=\"div-gpt-ad-Messinaoggi.it-DSK-300x250-corpoart\" style=\"text-align:center;margin:0 auto;\"><\/div><\/p>\n<p>Un\u2019altra parte del progetto prender\u00e0 forma all\u2019Universit\u00e0 di Messina, nella sede di Villa Pace, dove gi\u00e0 oggi si sviluppa una vivace attivit\u00e0 culturale di altissimo livello. <em>\u201cL\u00ec<\/em> \u2013 ha spiegato il ministro \u2013 <em>nasceranno nuovi protocolli, rapporti, reti e relazioni non solo con il Maxxi, ma con tutti i nostri interlocutori nel Mediterraneo, nell\u2019ambito del Piano Mattei. In sintesi, stiamo aggregando forze che provengono dal mondo istituzionale, dall\u2019universit\u00e0, dall\u2019arte e dalla creativit\u00e0, per costruire non solo un ponte simbolico sullo Stretto, ma soprattutto ponti culturali verso l\u2019Africa\u201d.<\/em><div id=\"videoincontent\" style=\"clear:both\";><\/div><\/p>\n<p>\u2013 foto xd9\/Italpress \u2013<\/p>\n<p>(ITALPRESS).<\/p>\n<\/div>\n","protected":false},"excerpt":{"rendered":"<p>MESSINA (ITALPRESS) \u2013 \u201cLa sede del Maxxi di Messina si far\u00e0. Non sar\u00e0 semplicemente una seconda o terza sede del museo: sar\u00e0 qualcosa di diverso, di speciale. Sar\u00e0 l\u2019epicentro di un\u2019operazione di diplomazia culturale senza precedenti in Italia\u201d. E\u2019 l\u2019annuncio del ministro della Cultura, Alessandro Giuli, al termine di un tavolo tecnico svoltosi nel Comune [&hellip;]<\/p>\n","protected":false},"author":18,"featured_media":243702,"comment_status":"closed","ping_status":"closed","sticky":false,"template":"","format":"standard","meta":{"ub_ctt_via":"","_mi_skip_tracking":false},"categories":[4,2449],"tags":[783],"featured_image_src":"https:\/\/www.messinaoggi.it\/website\/wp-content\/uploads\/2025\/06\/Giuli-1.jpg","author_info":{"display_name":"Admin","author_link":"https:\/\/www.messinaoggi.it\/website\/author\/admin\/"},"digistream_id":0,"digistream":false,"_links":{"self":[{"href":"https:\/\/www.messinaoggi.it\/website\/wp-json\/wp\/v2\/posts\/243701"}],"collection":[{"href":"https:\/\/www.messinaoggi.it\/website\/wp-json\/wp\/v2\/posts"}],"about":[{"href":"https:\/\/www.messinaoggi.it\/website\/wp-json\/wp\/v2\/types\/post"}],"author":[{"embeddable":true,"href":"https:\/\/www.messinaoggi.it\/website\/wp-json\/wp\/v2\/users\/18"}],"replies":[{"embeddable":true,"href":"https:\/\/www.messinaoggi.it\/website\/wp-json\/wp\/v2\/comments?post=243701"}],"version-history":[{"count":1,"href":"https:\/\/www.messinaoggi.it\/website\/wp-json\/wp\/v2\/posts\/243701\/revisions"}],"predecessor-version":[{"id":243731,"href":"https:\/\/www.messinaoggi.it\/website\/wp-json\/wp\/v2\/posts\/243701\/revisions\/243731"}],"wp:featuredmedia":[{"embeddable":true,"href":"https:\/\/www.messinaoggi.it\/website\/wp-json\/wp\/v2\/media\/243702"}],"wp:attachment":[{"href":"https:\/\/www.messinaoggi.it\/website\/wp-json\/wp\/v2\/media?parent=243701"}],"wp:term":[{"taxonomy":"category","embeddable":true,"href":"https:\/\/www.messinaoggi.it\/website\/wp-json\/wp\/v2\/categories?post=243701"},{"taxonomy":"post_tag","embeddable":true,"href":"https:\/\/www.messinaoggi.it\/website\/wp-json\/wp\/v2\/tags?post=243701"}],"curies":[{"name":"wp","href":"https:\/\/api.w.org\/{rel}","templated":true}]}}