{"id":243691,"date":"2025-06-23T17:11:10","date_gmt":"2025-06-23T15:11:10","guid":{"rendered":"http:\/\/www.messinaoggi.it\/website\/?p=243691"},"modified":"2025-06-23T17:11:16","modified_gmt":"2025-06-23T15:11:16","slug":"messina-punta-sulla-mobilita-sostenibile-in-arrivo-nuovi-tram-e-bus-a-idrogeno","status":"publish","type":"post","link":"https:\/\/www.messinaoggi.it\/website\/2025\/06\/23\/messina-punta-sulla-mobilita-sostenibile-in-arrivo-nuovi-tram-e-bus-a-idrogeno\/","title":{"rendered":"Messina punta sulla mobilit\u00e0 sostenibile: in arrivo nuovi tram e bus a idrogeno"},"content":{"rendered":"\n<p>Messina accelera verso una mobilit\u00e0 pi\u00f9 sostenibile. Grazie a tre delibere approvate il 20 giugno scorso dall\u2019Azienda Trasporti Messina (ATM) e confermate dal Comune, finanziate nell\u2019ambito del Programma Regionale FESR 2021\u20112027, il trasporto pubblico cittadino sar\u00e0 potenziato con l\u2019introduzione di nuovi tram, infrastrutture per la mobilit\u00e0 a idrogeno e sistemi di monitoraggio smart della rete urbana.<div id=\"div-gpt-ad-Messinaoggi.it-DSK-300x250-corpoart\" style=\"text-align:center;margin:0 auto;\"><\/div><\/p>\n\n\n\n<h2>Nuovi tram per la riapertura della linea<\/h2>\n\n\n\n<p>Il servizio tranviario, sospeso dal 17marzo, necessita di una flotta moderna per garantire un&#8217;effettiva ripresa. L\u2019operazione n.\u202f13 del piano prevede l\u2019acquisto di nuovi mezzi, pronti a rinnovare la linea e offrire un servizio all\u2019altezza delle aspettative.<div id=\"videoincontent\" style=\"clear:both\";><\/div><\/p>\n\n\n\n<h2>Mobilit\u00e0 a idrogeno: un salto verso la decarbonizzazione<\/h2>\n\n\n\n<p>L\u2019operazione n.\u202f14 prevede la realizzazione delle infrastrutture necessarie alla mobilit\u00e0 a idrogeno: stazioni di rifornimento, depositi e tutto ci\u00f2 che serve per sperimentare bus a idrogeno in citt\u00e0. Un progetto in linea con le priorit\u00e0 ambientali europee  .<\/p>\n\n\n\n<h2>Monitoraggio smart e intermodalit\u00e0<\/h2>\n\n\n\n<p>Con l\u2019operazione n.\u202f16, Messina punta anche alle tecnologie di smart mobility: sensori, monitoraggio in tempo reale e integrazione tra tram, bus, parcheggi e mobilit\u00e0 attiva saranno al centro del potenziamento.<\/p>\n\n\n\n<h2>Contesto e tempistiche<\/h2>\n\n\n\n<p>Le delibere integrate rientrano nell\u2019azione 2.8 del FESR, dedicata alla mobilit\u00e0 sostenibile e multimodale. ATM \u00e8 il soggetto attuatore, con supporto del Comune (Autorit\u00e0 Urbana dell\u2019Area Funzionale). Il tram sar\u00e0 operativo solo una volta completata la riqualificazione, prevista entro 18 mesi, con i nuovi mezzi gi\u00e0 in fase di acquisizione.<\/p>\n\n\n\n<h2>Il quadro generale: un passo verso il futuro<\/h2>\n\n\n\n<p>Il percorso di modernizzazione \u00e8 iniziato con l&#8217;arrivo di 24 autobus elettrici previsti per il 2024 e ulteriori 50 entro il 2025. Ora, con l\u2019aggiunta di tram nuovi e veicoli ad idrogeno, Messina rafforza la sua vocazione green, allineandosi agli standard europei di mobilit\u00e0 urbana.<\/p>\n","protected":false},"excerpt":{"rendered":"<p>Messina accelera verso una mobilit\u00e0 pi\u00f9 sostenibile. Grazie a tre delibere approvate il 20 giugno scorso dall\u2019Azienda Trasporti Messina (ATM) e confermate dal Comune, finanziate nell\u2019ambito del Programma Regionale FESR 2021\u20112027, il trasporto pubblico cittadino sar\u00e0 potenziato con l\u2019introduzione di nuovi tram, infrastrutture per la mobilit\u00e0 a idrogeno e sistemi di monitoraggio smart della rete [&hellip;]<\/p>\n","protected":false},"author":15,"featured_media":40507,"comment_status":"open","ping_status":"open","sticky":false,"template":"","format":"standard","meta":{"ub_ctt_via":"","_mi_skip_tracking":false},"categories":[5,6],"tags":[2092,11552,1140,1218],"featured_image_src":"https:\/\/www.messinaoggi.it\/website\/wp-content\/uploads\/2020\/02\/bus-atm-messina.jpeg","author_info":{"display_name":"red.me","author_link":"https:\/\/www.messinaoggi.it\/website\/author\/red-me\/"},"digistream_id":0,"digistream":false,"_links":{"self":[{"href":"https:\/\/www.messinaoggi.it\/website\/wp-json\/wp\/v2\/posts\/243691"}],"collection":[{"href":"https:\/\/www.messinaoggi.it\/website\/wp-json\/wp\/v2\/posts"}],"about":[{"href":"https:\/\/www.messinaoggi.it\/website\/wp-json\/wp\/v2\/types\/post"}],"author":[{"embeddable":true,"href":"https:\/\/www.messinaoggi.it\/website\/wp-json\/wp\/v2\/users\/15"}],"replies":[{"embeddable":true,"href":"https:\/\/www.messinaoggi.it\/website\/wp-json\/wp\/v2\/comments?post=243691"}],"version-history":[{"count":5,"href":"https:\/\/www.messinaoggi.it\/website\/wp-json\/wp\/v2\/posts\/243691\/revisions"}],"predecessor-version":[{"id":243696,"href":"https:\/\/www.messinaoggi.it\/website\/wp-json\/wp\/v2\/posts\/243691\/revisions\/243696"}],"wp:featuredmedia":[{"embeddable":true,"href":"https:\/\/www.messinaoggi.it\/website\/wp-json\/wp\/v2\/media\/40507"}],"wp:attachment":[{"href":"https:\/\/www.messinaoggi.it\/website\/wp-json\/wp\/v2\/media?parent=243691"}],"wp:term":[{"taxonomy":"category","embeddable":true,"href":"https:\/\/www.messinaoggi.it\/website\/wp-json\/wp\/v2\/categories?post=243691"},{"taxonomy":"post_tag","embeddable":true,"href":"https:\/\/www.messinaoggi.it\/website\/wp-json\/wp\/v2\/tags?post=243691"}],"curies":[{"name":"wp","href":"https:\/\/api.w.org\/{rel}","templated":true}]}}