{"id":243656,"date":"2025-06-23T15:06:58","date_gmt":"2025-06-23T13:06:58","guid":{"rendered":"http:\/\/www.messinaoggi.it\/website\/?p=243656"},"modified":"2025-06-23T15:07:00","modified_gmt":"2025-06-23T13:07:00","slug":"giuli-il-maxxi-di-messina-sara-epicentro-di-cultura","status":"publish","type":"post","link":"https:\/\/www.messinaoggi.it\/website\/2025\/06\/23\/giuli-il-maxxi-di-messina-sara-epicentro-di-cultura\/","title":{"rendered":"Giuli: &#8220;Il Maxxi di Messina sar\u00e0 epicentro di cultura&#8221;"},"content":{"rendered":"\n<p>&#8220;La sede del Maxxi di Messina si far\u00e0 e non sar\u00e0 soltanto la seconda o terza sede, ma sar\u00e0 qualcosa di diverso e speciale, sar\u00e0 l&#8217;epicentro di un&#8217;operazione di diplomazia culturale che non ha precedenti in Italia&#8221;. <div id=\"div-gpt-ad-Messinaoggi.it-DSK-300x250-corpoart\" style=\"text-align:center;margin:0 auto;\"><\/div><\/p>\n\n\n\n<p>Lo ha affermato il ministro della Cultura Alessandro Giuli, oggi a Messina, al termine del tavolo tecnico tenutosi a Palazzo Zanca con il sindaco di Messina, Federico Basile e la rettrice dell&#8217;Universit\u00e0, Giovanna Spatari e il senatore Nino German\u00e0 della Lega.<div id=\"videoincontent\" style=\"clear:both\";><\/div><\/p>\n\n\n\n<p>&#8220;Sar\u00e0 ar\u00e0 molto di pi\u00f9 di una sede del Maxxi. \u00a0\u00a0\u00a0 Le persone che vedete intorno a me costituiscono un sistema che ha una visione di diplomazia culturale che sta per creare un enorme progetto rivolto al Mediterraneo allargato e che avr\u00e0 in Messina una citt\u00e0 di elezione&#8221;.<\/p>\n\n\n\n<p>Ha aggiunto il ministro che nel pomeriggio effettuer\u00e0 un sopralluogo al sito di Torre Faro, Torri Morandi, che sar\u00e0 la sede del museo di arte contemporanea e a villa Pace, struttura di propriet\u00e0 dell&#8217;Universit\u00e0 di Messina, e che sar\u00e0 sede di rappresentanza del polo museale.<\/p>\n","protected":false},"excerpt":{"rendered":"<p>&#8220;La sede del Maxxi di Messina si far\u00e0 e non sar\u00e0 soltanto la seconda o terza sede, ma sar\u00e0 qualcosa di diverso e speciale, sar\u00e0 l&#8217;epicentro di un&#8217;operazione di diplomazia culturale che non ha precedenti in Italia&#8221;. Lo ha affermato il ministro della Cultura Alessandro Giuli, oggi a Messina, al termine del tavolo tecnico tenutosi [&hellip;]<\/p>\n","protected":false},"author":2,"featured_media":243657,"comment_status":"open","ping_status":"open","sticky":false,"template":"","format":"standard","meta":{"ub_ctt_via":"","_mi_skip_tracking":false},"categories":[19],"tags":[],"featured_image_src":"https:\/\/www.messinaoggi.it\/website\/wp-content\/uploads\/2025\/06\/512678779_10232193728859224_1546388297581994176_n.jpg","author_info":{"display_name":"Redazione","author_link":"https:\/\/www.messinaoggi.it\/website\/author\/redazione\/"},"digistream_id":0,"digistream":false,"_links":{"self":[{"href":"https:\/\/www.messinaoggi.it\/website\/wp-json\/wp\/v2\/posts\/243656"}],"collection":[{"href":"https:\/\/www.messinaoggi.it\/website\/wp-json\/wp\/v2\/posts"}],"about":[{"href":"https:\/\/www.messinaoggi.it\/website\/wp-json\/wp\/v2\/types\/post"}],"author":[{"embeddable":true,"href":"https:\/\/www.messinaoggi.it\/website\/wp-json\/wp\/v2\/users\/2"}],"replies":[{"embeddable":true,"href":"https:\/\/www.messinaoggi.it\/website\/wp-json\/wp\/v2\/comments?post=243656"}],"version-history":[{"count":1,"href":"https:\/\/www.messinaoggi.it\/website\/wp-json\/wp\/v2\/posts\/243656\/revisions"}],"predecessor-version":[{"id":243658,"href":"https:\/\/www.messinaoggi.it\/website\/wp-json\/wp\/v2\/posts\/243656\/revisions\/243658"}],"wp:featuredmedia":[{"embeddable":true,"href":"https:\/\/www.messinaoggi.it\/website\/wp-json\/wp\/v2\/media\/243657"}],"wp:attachment":[{"href":"https:\/\/www.messinaoggi.it\/website\/wp-json\/wp\/v2\/media?parent=243656"}],"wp:term":[{"taxonomy":"category","embeddable":true,"href":"https:\/\/www.messinaoggi.it\/website\/wp-json\/wp\/v2\/categories?post=243656"},{"taxonomy":"post_tag","embeddable":true,"href":"https:\/\/www.messinaoggi.it\/website\/wp-json\/wp\/v2\/tags?post=243656"}],"curies":[{"name":"wp","href":"https:\/\/api.w.org\/{rel}","templated":true}]}}