{"id":243644,"date":"2025-06-23T13:34:22","date_gmt":"2025-06-23T11:34:22","guid":{"rendered":"https:\/\/www.messinaoggi.it\/website\/2025\/06\/23\/schifani-riceve-il-nuovo-prefetto-di-catania-pietro-signoriello\/"},"modified":"2025-06-23T14:54:23","modified_gmt":"2025-06-23T12:54:23","slug":"schifani-riceve-il-nuovo-prefetto-di-catania-pietro-signoriello","status":"publish","type":"post","link":"https:\/\/www.messinaoggi.it\/website\/2025\/06\/23\/schifani-riceve-il-nuovo-prefetto-di-catania-pietro-signoriello\/","title":{"rendered":"Schifani riceve il nuovo prefetto di Catania Pietro Signoriello"},"content":{"rendered":"<div>\n<p>PALERMO (ITALPRESS) \u2013 Il presidente della <strong>Regione<\/strong> <strong>Siciliana<\/strong>, <strong>Renato<\/strong> <strong>Schifani<\/strong>, ha ricevuto questa mattina a Palazzo d\u2019Orl\u00e9ans il nuovo prefetto di Catania, <strong>Pietro<\/strong> <strong>Signoriello<\/strong>, in occasione di una visita istituzionale.<div id=\"div-gpt-ad-Messinaoggi.it-DSK-300x250-corpoart\" style=\"text-align:center;margin:0 auto;\"><\/div><\/p>\n<p>L\u2019incontro si \u00e8 svolto in un clima cordiale e costruttivo, confermando la volont\u00e0 condivisa di rafforzare il dialogo e la collaborazione tra le istituzioni, nell\u2019interesse dei cittadini e del territorio. Durante il colloquio, il presidente <strong>Schifani<\/strong> ha donato al prefetto il tradizionale crest in legno e metallo con lo stemma della Regione Siciliana, quale simbolo di benvenuto e di auspicio per una proficua attivit\u00e0 sul territorio etneo.<div id=\"videoincontent\" style=\"clear:both\";><\/div><\/p>\n<p><em> \u201cSono lieto<\/em> \u2013 ha dichiarato il presidente <strong>Schifani<\/strong> \u2013 <em>di aver incontrato il neo prefetto Pietro Signoriello, al quale rivolgo i miei pi\u00f9 sinceri auguri di buon lavoro. Sono certo che, forte dell\u2019importante esperienza maturata in altre realt\u00e0 del nostro Paese, sapr\u00e0 affrontare con competenza e sensibilit\u00e0 le sfide che lo attendono in una provincia complessa e strategica come quella di Catania\u201d.<\/em><\/p>\n<p>Il presidente ha poi rivolto un sentito ringraziamento al prefetto uscente, <strong>Maria<\/strong> <strong>Carmela<\/strong> <strong>Librizzi<\/strong>, per il grande senso dello Stato, l\u2019impegno costante e il prezioso contributo offerto durante il suo mandato. <em>\u201cA nome dell\u2019intera Regione<\/em> \u2013 ha concluso <strong>Schifani<\/strong> \u2013 <em>desidero esprimere profonda gratitudine alla prefetta Librizzi per la dedizione con cui ha operato, in uno spirito di leale collaborazione e attenzione verso il territorio\u201d.<\/em><\/p>\n<p>\u2013 Foto Ufficio stampa Regione Siciliana \u2013<\/p>\n<p>(ITALPRESS)<\/p>\n<\/div>\n","protected":false},"excerpt":{"rendered":"<p>PALERMO (ITALPRESS) \u2013 Il presidente della Regione Siciliana, Renato Schifani, ha ricevuto questa mattina a Palazzo d\u2019Orl\u00e9ans il nuovo prefetto di Catania, Pietro Signoriello, in occasione di una visita istituzionale. L\u2019incontro si \u00e8 svolto in un clima cordiale e costruttivo, confermando la volont\u00e0 condivisa di rafforzare il dialogo e la collaborazione tra le istituzioni, nell\u2019interesse [&hellip;]<\/p>\n","protected":false},"author":18,"featured_media":243645,"comment_status":"closed","ping_status":"closed","sticky":false,"template":"","format":"standard","meta":{"ub_ctt_via":"","_mi_skip_tracking":false},"categories":[11,2449],"tags":[783],"featured_image_src":"https:\/\/www.messinaoggi.it\/website\/wp-content\/uploads\/2025\/06\/Schifani-incontra-il-prefetto-di-Catania-Signoriello2.jpeg","author_info":{"display_name":"Admin","author_link":"https:\/\/www.messinaoggi.it\/website\/author\/admin\/"},"digistream_id":0,"digistream":false,"_links":{"self":[{"href":"https:\/\/www.messinaoggi.it\/website\/wp-json\/wp\/v2\/posts\/243644"}],"collection":[{"href":"https:\/\/www.messinaoggi.it\/website\/wp-json\/wp\/v2\/posts"}],"about":[{"href":"https:\/\/www.messinaoggi.it\/website\/wp-json\/wp\/v2\/types\/post"}],"author":[{"embeddable":true,"href":"https:\/\/www.messinaoggi.it\/website\/wp-json\/wp\/v2\/users\/18"}],"replies":[{"embeddable":true,"href":"https:\/\/www.messinaoggi.it\/website\/wp-json\/wp\/v2\/comments?post=243644"}],"version-history":[{"count":1,"href":"https:\/\/www.messinaoggi.it\/website\/wp-json\/wp\/v2\/posts\/243644\/revisions"}],"predecessor-version":[{"id":243647,"href":"https:\/\/www.messinaoggi.it\/website\/wp-json\/wp\/v2\/posts\/243644\/revisions\/243647"}],"wp:featuredmedia":[{"embeddable":true,"href":"https:\/\/www.messinaoggi.it\/website\/wp-json\/wp\/v2\/media\/243645"}],"wp:attachment":[{"href":"https:\/\/www.messinaoggi.it\/website\/wp-json\/wp\/v2\/media?parent=243644"}],"wp:term":[{"taxonomy":"category","embeddable":true,"href":"https:\/\/www.messinaoggi.it\/website\/wp-json\/wp\/v2\/categories?post=243644"},{"taxonomy":"post_tag","embeddable":true,"href":"https:\/\/www.messinaoggi.it\/website\/wp-json\/wp\/v2\/tags?post=243644"}],"curies":[{"name":"wp","href":"https:\/\/api.w.org\/{rel}","templated":true}]}}