{"id":243636,"date":"2025-06-23T13:09:22","date_gmt":"2025-06-23T11:09:22","guid":{"rendered":"https:\/\/www.messinaoggi.it\/website\/2025\/06\/23\/iran-schlein-meloni-non-conceda-le-nostre-basi\/"},"modified":"2025-06-23T14:54:48","modified_gmt":"2025-06-23T12:54:48","slug":"iran-schlein-meloni-non-conceda-le-nostre-basi","status":"publish","type":"post","link":"https:\/\/www.messinaoggi.it\/website\/2025\/06\/23\/iran-schlein-meloni-non-conceda-le-nostre-basi\/","title":{"rendered":"Iran, Schlein \u201cMeloni non conceda le nostre basi\u201d"},"content":{"rendered":"<div>ROMA (ITALPRESS) &#8211; <em>&#8220;In un frangente cos\u00ec drammatico ho ritenuto doveroso sentire la premier, anche per consegnarle direttamente la nostra forte preoccupazione per questo attacco Usa che pu\u00f2 allargare il conflitto su scala globale&#8221;.<\/em><div id=\"div-gpt-ad-Messinaoggi.it-DSK-300x250-corpoart\" style=\"text-align:center;margin:0 auto;\"><\/div><\/p>\n<p>Lo dice a <em>Repubblica<\/em> la segretaria del <strong>Pd Elly Schlein<\/strong>.<em> &#8220;Bisogna evitare una spirale di caos. Non esiste soluzione militare, l&#8217;unica via \u00e8 la diplomazia. L&#8217;unica speranza \u00e8 la pace&#8221;. &#8220;Ci siamo confrontate sulla situazione e le ho detto ci\u00f2 che noi ci aspettiamo dal governo<\/em> &#8211; aggiunge &#8211;<em> un impegno concreto nella cornice Ue per fermare l&#8217;escalation e portare tutti al tavolo negoziale. Siamo d&#8217;accordo che il regime teocratico e liberticida di Teheran non possa sviluppare un&#8217;arma nucleare, ma il modo per impedirlo non \u00e8 bombardare, \u00e8 trattare. Partendo da un punto fermo, che io ho ribadito a Meloni: il giudizio critico su Trump. Lui diceva che avrebbe portato la pace e messo fine ai conflitti, invece bombarda e infiamma il mondo. Se guardiamo pure agli altri scenari, oggi ci ritroviamo di fronte alla prosecuzione del massacro di Netanyahu a Gaza, che il governo Meloni non ha ancora condannato, e della guerra in Ucraina, con Putin che si sente pi\u00f9 potente di prima. Trump ha deciso di attaccare l&#8217;Iran senza coinvolgere il Congresso, una deriva autocratica che ci auguriamo non si ripeta, n\u00e9 in America, n\u00e9 altrove&#8221;.<\/em><div id=\"videoincontent\" style=\"clear:both\";><\/div><\/p>\n<p>Oggi alla Camera <strong>Schlein<\/strong> chieder\u00e0 a <strong>Meloni<\/strong> <em>&#8220;di dire con chiarezza che l&#8217;Italia non parteciper\u00e0 ad azioni militari e non consentir\u00e0 che le nostre basi vengano utilizzate per fornire sostegno a una guerra che la comunit\u00e0 internazionale, tutta, deve fermare&#8221;.<\/em><\/p>\n<p>-foto IPA Agency &#8211;<\/p>\n<p>(ITALPRESS)<\/p><\/div>\n","protected":false},"excerpt":{"rendered":"<p>ROMA (ITALPRESS) &#8211; &#8220;In un frangente cos\u00ec drammatico ho ritenuto doveroso sentire la premier, anche per consegnarle direttamente la nostra forte preoccupazione per questo attacco Usa che pu\u00f2 allargare il conflitto su scala globale&#8221;. Lo dice a Repubblica la segretaria del Pd Elly Schlein. &#8220;Bisogna evitare una spirale di caos. Non esiste soluzione militare, l&#8217;unica [&hellip;]<\/p>\n","protected":false},"author":18,"featured_media":243637,"comment_status":"closed","ping_status":"closed","sticky":false,"template":"","format":"standard","meta":{"ub_ctt_via":"","_mi_skip_tracking":false},"categories":[446,4],"tags":[783],"featured_image_src":"https:\/\/www.messinaoggi.it\/website\/wp-content\/uploads\/2025\/06\/20250623_0100.jpg","author_info":{"display_name":"Admin","author_link":"https:\/\/www.messinaoggi.it\/website\/author\/admin\/"},"digistream_id":0,"digistream":false,"_links":{"self":[{"href":"https:\/\/www.messinaoggi.it\/website\/wp-json\/wp\/v2\/posts\/243636"}],"collection":[{"href":"https:\/\/www.messinaoggi.it\/website\/wp-json\/wp\/v2\/posts"}],"about":[{"href":"https:\/\/www.messinaoggi.it\/website\/wp-json\/wp\/v2\/types\/post"}],"author":[{"embeddable":true,"href":"https:\/\/www.messinaoggi.it\/website\/wp-json\/wp\/v2\/users\/18"}],"replies":[{"embeddable":true,"href":"https:\/\/www.messinaoggi.it\/website\/wp-json\/wp\/v2\/comments?post=243636"}],"version-history":[{"count":1,"href":"https:\/\/www.messinaoggi.it\/website\/wp-json\/wp\/v2\/posts\/243636\/revisions"}],"predecessor-version":[{"id":243649,"href":"https:\/\/www.messinaoggi.it\/website\/wp-json\/wp\/v2\/posts\/243636\/revisions\/243649"}],"wp:featuredmedia":[{"embeddable":true,"href":"https:\/\/www.messinaoggi.it\/website\/wp-json\/wp\/v2\/media\/243637"}],"wp:attachment":[{"href":"https:\/\/www.messinaoggi.it\/website\/wp-json\/wp\/v2\/media?parent=243636"}],"wp:term":[{"taxonomy":"category","embeddable":true,"href":"https:\/\/www.messinaoggi.it\/website\/wp-json\/wp\/v2\/categories?post=243636"},{"taxonomy":"post_tag","embeddable":true,"href":"https:\/\/www.messinaoggi.it\/website\/wp-json\/wp\/v2\/tags?post=243636"}],"curies":[{"name":"wp","href":"https:\/\/api.w.org\/{rel}","templated":true}]}}