{"id":243576,"date":"2025-06-23T00:09:26","date_gmt":"2025-06-22T22:09:26","guid":{"rendered":"https:\/\/www.messinaoggi.it\/website\/2025\/06\/22\/iran-meloni-litalia-continuera-a-impegnarsi-per-tavolo-negoziale\/"},"modified":"2025-06-23T09:28:44","modified_gmt":"2025-06-23T07:28:44","slug":"iran-meloni-litalia-continuera-a-impegnarsi-per-tavolo-negoziale","status":"publish","type":"post","link":"https:\/\/www.messinaoggi.it\/website\/2025\/06\/23\/iran-meloni-litalia-continuera-a-impegnarsi-per-tavolo-negoziale\/","title":{"rendered":"Iran, Meloni \u201cL\u2019Italia continuer\u00e0 a impegnarsi per tavolo negoziale\u201d"},"content":{"rendered":"<div>ROMA (ITALPRESS) &#8211; &#8220;A seguito dell&#8217;aggravarsi della crisi in Medio Oriente, ho convocato d&#8217;urgenza e presieduto questa mattina una conferenza telefonica tra componenti del governo e vertici dell&#8217;intelligence. La crisi \u00e8 al centro dell&#8217;attenzione dell&#8217;esecutivo in tutti i suoi risvolti, dalla situazione dei connazionali nella regione, con cui la Farnesina \u00e8 in costante contatto, agli effetti economici e di sicurezza. L&#8217;Italia continuer\u00e0 a impegnarsi per portare al tavolo negoziale le parti&#8221;. Cos\u00ec su X la presidente del Consiglio, Giorgia Meloni.<br \/>(ITALPRESS).<br \/>-Foto: Palazzo Chigi-<\/div>\n<div id=\"div-gpt-ad-Messinaoggi.it-DSK-300x250-corpoart\" style=\"text-align:center;margin:0 auto;\"><\/div><\/p><div id=\"videoincontent\" style=\"clear:both\";><\/div>","protected":false},"excerpt":{"rendered":"<p>ROMA (ITALPRESS) &#8211; &#8220;A seguito dell&#8217;aggravarsi della crisi in Medio Oriente, ho convocato d&#8217;urgenza e presieduto questa mattina una conferenza telefonica tra componenti del governo e vertici dell&#8217;intelligence. La crisi \u00e8 al centro dell&#8217;attenzione dell&#8217;esecutivo in tutti i suoi risvolti, dalla situazione dei connazionali nella regione, con cui la Farnesina \u00e8 in costante contatto, agli [&hellip;]<\/p>\n","protected":false},"author":18,"featured_media":243577,"comment_status":"closed","ping_status":"closed","sticky":false,"template":"","format":"standard","meta":{"ub_ctt_via":"","_mi_skip_tracking":false},"categories":[446,4],"tags":[783],"featured_image_src":"https:\/\/www.messinaoggi.it\/website\/wp-content\/uploads\/2025\/06\/20250622_0704.jpg","author_info":{"display_name":"Admin","author_link":"https:\/\/www.messinaoggi.it\/website\/author\/admin\/"},"digistream_id":0,"digistream":false,"_links":{"self":[{"href":"https:\/\/www.messinaoggi.it\/website\/wp-json\/wp\/v2\/posts\/243576"}],"collection":[{"href":"https:\/\/www.messinaoggi.it\/website\/wp-json\/wp\/v2\/posts"}],"about":[{"href":"https:\/\/www.messinaoggi.it\/website\/wp-json\/wp\/v2\/types\/post"}],"author":[{"embeddable":true,"href":"https:\/\/www.messinaoggi.it\/website\/wp-json\/wp\/v2\/users\/18"}],"replies":[{"embeddable":true,"href":"https:\/\/www.messinaoggi.it\/website\/wp-json\/wp\/v2\/comments?post=243576"}],"version-history":[{"count":1,"href":"https:\/\/www.messinaoggi.it\/website\/wp-json\/wp\/v2\/posts\/243576\/revisions"}],"predecessor-version":[{"id":243595,"href":"https:\/\/www.messinaoggi.it\/website\/wp-json\/wp\/v2\/posts\/243576\/revisions\/243595"}],"wp:featuredmedia":[{"embeddable":true,"href":"https:\/\/www.messinaoggi.it\/website\/wp-json\/wp\/v2\/media\/243577"}],"wp:attachment":[{"href":"https:\/\/www.messinaoggi.it\/website\/wp-json\/wp\/v2\/media?parent=243576"}],"wp:term":[{"taxonomy":"category","embeddable":true,"href":"https:\/\/www.messinaoggi.it\/website\/wp-json\/wp\/v2\/categories?post=243576"},{"taxonomy":"post_tag","embeddable":true,"href":"https:\/\/www.messinaoggi.it\/website\/wp-json\/wp\/v2\/tags?post=243576"}],"curies":[{"name":"wp","href":"https:\/\/api.w.org\/{rel}","templated":true}]}}