{"id":243562,"date":"2025-06-22T14:09:22","date_gmt":"2025-06-22T12:09:22","guid":{"rendered":"https:\/\/www.messinaoggi.it\/website\/2025\/06\/22\/premio-ischia-consegnati-i-riconoscimenti-tra-attualita-e-spettacolo\/"},"modified":"2025-06-22T14:09:22","modified_gmt":"2025-06-22T12:09:22","slug":"premio-ischia-consegnati-i-riconoscimenti-tra-attualita-e-spettacolo","status":"publish","type":"post","link":"https:\/\/www.messinaoggi.it\/website\/2025\/06\/22\/premio-ischia-consegnati-i-riconoscimenti-tra-attualita-e-spettacolo\/","title":{"rendered":"Premio Ischia, consegnati i riconoscimenti tra attualit\u00e0 e spettacolo"},"content":{"rendered":"<div>LACCO AMENO (NAPOLI) (ITALPRESS) &#8211; <strong>Si \u00e8 chiusa con la consegna dei premi la 46\u00b0 edizione del Premio Ischia di giornalismo,<\/strong> una serata dove l&#8217;informazione e il modo di comunicare sono stati al centro della serata. Ad aggiudicarsi il premio internazionale Anton Troianovski, direttore della sede di Mosca de &#8220;The New York Times&#8221;, premiato dall&#8217;ambasciatore Giampiero Massolo, mentre il premio Ischia europeo \u00e8 stato assegnato alla redazione del sito &#8220;Politico.eu&#8221;. A ritirare il premio dalle mani del vicepresidente della regione Campania, Fulvio Bonavitacola, \u00e8 stata la vicedirettrice, Laura Greenhalgh.<div id=\"div-gpt-ad-Messinaoggi.it-DSK-300x250-corpoart\" style=\"text-align:center;margin:0 auto;\"><\/div><\/p>\n<p>Nina Palmieri, inviata de &#8220;Le Iene&#8221; \u00e8 stata scelta come giornalista italiana dell&#8217;anno, a premiarla Valeria Speroni Cardi, direttrice comunicazione interna di Menarini. Nina Palmieri ha dedicato il suo premio a Nadia Toffa che 10 anni fa vinse il Premio Ischia. A &#8220;La Domenica sportiva&#8221;, la trasmissione pi\u00f9 longeva d&#8217;Italia, il premio Ischia per il giornalismo sportivo, il premio \u00e8 stato ritirato da Simona Rolandi conduttrice della trasmissione,premiata da Beniamino Quinteri presidente dell&#8217;Istituto per il Credito Sportivo.<div id=\"videoincontent\" style=\"clear:both\";><\/div><\/p>\n<p>Premi speciali alla carriera a Emilio Giannelli, storico vignettista del Corriere della Sera premiato da Stefano Porro, direttore relazioni esterne Mundys. Giannelli ha ricordato alcune delle sue pi\u00f9 iconiche vignette, svelando che ha sempre misurato la riuscita della vignetta rispetto a l&#8217;arrabbiatura del protagonista, pi\u00f9 ricevevo telefonate di protesta pi\u00f9 ero soddisfatto. Premio all&#8217;Agenzia per gli 80 anni, il premio \u00e8 stato ritirato da Stefano Polli, vicedirettore dell&#8217;Ansa.<\/p>\n<p>Greta Cristini \u00e8 si \u00e8 aggiudicata il premio speciale &#8220;Opening New Ways of Journalism&#8221;, ed \u00e8 stata premiata dal direttore della comunicazione del gruppo Unipol, Vittorio Verdone. Barbara Stefanelli ha vinto il Premio per la &#8220;Comunicazione Sostenibile&#8221; ha dedicato il suo premio a Maria Grazia Cutuli sua collega agli esteri e uccisa in Afghanistan nel 2001, \u00e8 stata premiata da Carlotta Ventura direttore Comunicazione e sostenibilit\u00e0 di A2a.<br \/>\nSul versante della comunicazione istituzionale sono stati assegnati i premi &#8220;Comunicatori dell&#8217;anno&#8221; a Paolo Ruffini, Prefetto del Dicastero per la Comunicazione della Santa Sede premiato da Antonio Funiciello del Dipartimento editoria della Presidenza del Consiglio dei ministri e a Jacopo Gasparetti, per la sezione under 30 dedicata a Mario Bologna.<\/p>\n<p>-Foto: ufficio stampa Premio Ischia-<\/p>\n<p>(ITALPRESS).<\/p><\/div>\n","protected":false},"excerpt":{"rendered":"<p>LACCO AMENO (NAPOLI) (ITALPRESS) &#8211; Si \u00e8 chiusa con la consegna dei premi la 46\u00b0 edizione del Premio Ischia di giornalismo, una serata dove l&#8217;informazione e il modo di comunicare sono stati al centro della serata. Ad aggiudicarsi il premio internazionale Anton Troianovski, direttore della sede di Mosca de &#8220;The New York Times&#8221;, premiato dall&#8217;ambasciatore [&hellip;]<\/p>\n","protected":false},"author":18,"featured_media":243563,"comment_status":"closed","ping_status":"closed","sticky":false,"template":"","format":"standard","meta":{"ub_ctt_via":"","_mi_skip_tracking":false},"categories":[446],"tags":[783],"featured_image_src":"https:\/\/www.messinaoggi.it\/website\/wp-content\/uploads\/2025\/06\/20250622_0141.jpg","author_info":{"display_name":"Admin","author_link":"https:\/\/www.messinaoggi.it\/website\/author\/admin\/"},"digistream_id":0,"digistream":false,"_links":{"self":[{"href":"https:\/\/www.messinaoggi.it\/website\/wp-json\/wp\/v2\/posts\/243562"}],"collection":[{"href":"https:\/\/www.messinaoggi.it\/website\/wp-json\/wp\/v2\/posts"}],"about":[{"href":"https:\/\/www.messinaoggi.it\/website\/wp-json\/wp\/v2\/types\/post"}],"author":[{"embeddable":true,"href":"https:\/\/www.messinaoggi.it\/website\/wp-json\/wp\/v2\/users\/18"}],"replies":[{"embeddable":true,"href":"https:\/\/www.messinaoggi.it\/website\/wp-json\/wp\/v2\/comments?post=243562"}],"version-history":[{"count":0,"href":"https:\/\/www.messinaoggi.it\/website\/wp-json\/wp\/v2\/posts\/243562\/revisions"}],"wp:featuredmedia":[{"embeddable":true,"href":"https:\/\/www.messinaoggi.it\/website\/wp-json\/wp\/v2\/media\/243563"}],"wp:attachment":[{"href":"https:\/\/www.messinaoggi.it\/website\/wp-json\/wp\/v2\/media?parent=243562"}],"wp:term":[{"taxonomy":"category","embeddable":true,"href":"https:\/\/www.messinaoggi.it\/website\/wp-json\/wp\/v2\/categories?post=243562"},{"taxonomy":"post_tag","embeddable":true,"href":"https:\/\/www.messinaoggi.it\/website\/wp-json\/wp\/v2\/tags?post=243562"}],"curies":[{"name":"wp","href":"https:\/\/api.w.org\/{rel}","templated":true}]}}