{"id":243554,"date":"2025-06-22T11:19:22","date_gmt":"2025-06-22T09:19:22","guid":{"rendered":"https:\/\/www.messinaoggi.it\/website\/2025\/06\/22\/palermo-pride-fdi-liberta-di-espressione-per-tutti-ma-no-offese\/"},"modified":"2025-06-22T11:25:24","modified_gmt":"2025-06-22T09:25:24","slug":"palermo-pride-fdi-liberta-di-espressione-per-tutti-ma-no-offese","status":"publish","type":"post","link":"https:\/\/www.messinaoggi.it\/website\/2025\/06\/22\/palermo-pride-fdi-liberta-di-espressione-per-tutti-ma-no-offese\/","title":{"rendered":"Palermo pride, FdI \u201cLibert\u00e0 di espressione per tutti ma no offese\u201d"},"content":{"rendered":"<div>\n<p>PALERMO (ITALPRESS) \u2013 \u201cFratelli d\u2019Italia ribadisce il massimo rispetto per ogni individuo e per la libert\u00e0 di espressione, pilastri della nostra Costituzione. Tuttavia, in merito alla manifestazione del gay pride svoltasi a Palermo, il nostro movimento ritiene doveroso stigmatizzare la ferma condanna rispetto a certi contenuti e iniziative offensive verso Fratelli d\u2019Italia. Una parata che predica rispetto e praticano insulti di ogni tempo verso chi ha differenti posizioni politiche\u201d. <br \/>Lo dichiarano in una nota il coordinatore cittadino e provinciale di Fratelli d\u2019Italia, Antonio Rini, e Raoul Russo, congiuntamente col vicesindaco Giampiero Cannella e il capogruppo Giuseppe Milazzo. \u201cRiteniamo che le risorse e l\u2019attenzione pubblica dovrebbero essere prioritariamente destinate ad affrontare le emergenze reali che colpiscono quotidianamente i cittadini palermitani e con l\u2019amministrazione di centro destra Lagalla ci stiamo impegnando ad affrontare: dalla sicurezza nelle strade al degrado urbano, dal sostegno alle famiglie in difficolt\u00e0 alla tutela dei valori educativi nelle scuole\u201d, aggiungono. \u201cLa promozione dei diritti non pu\u00f2 e non deve mai diventare un\u2019occasione per spettacolarizzare la sessualit\u00e0 o per imporre visioni ideologiche che rischiano di entrare in contrasto con i valori fondanti della nostra identit\u00e0 culturale e nazionale. Fratelli d\u2019Italia continuer\u00e0 a battersi per la libert\u00e0 di tutti, ma anche per il diritto di tanti cittadini che si riconoscono in una visione pi\u00f9 sobria, concreta e radicata nei valori della famiglia, della comunit\u00e0 e del buon senso. E ci appelliamo proprio al buon senso per chiedere al sindaco Lagalla, dissociarsi pubblicamente dagli attacchi gratuiti e dalle offese ingiustificate rivolte al principale partito di governo. Con l\u2019impegno programmatico di non concedere piu patrocinio e contributi a manifestazioni cos\u00ec faziose e politicamente orientate\u201d, concludono gli esponenti di FdI.<br \/>(ITALPRESS).<br \/>-Foto: Ipa Agency-<div id=\"div-gpt-ad-Messinaoggi.it-DSK-300x250-corpoart\" style=\"text-align:center;margin:0 auto;\"><\/div><\/p>\n<\/div>\n<div id=\"videoincontent\" style=\"clear:both\";><\/div>","protected":false},"excerpt":{"rendered":"<p>PALERMO (ITALPRESS) \u2013 \u201cFratelli d\u2019Italia ribadisce il massimo rispetto per ogni individuo e per la libert\u00e0 di espressione, pilastri della nostra Costituzione. Tuttavia, in merito alla manifestazione del gay pride svoltasi a Palermo, il nostro movimento ritiene doveroso stigmatizzare la ferma condanna rispetto a certi contenuti e iniziative offensive verso Fratelli d\u2019Italia. Una parata che [&hellip;]<\/p>\n","protected":false},"author":18,"featured_media":243555,"comment_status":"closed","ping_status":"closed","sticky":false,"template":"","format":"standard","meta":{"ub_ctt_via":"","_mi_skip_tracking":false},"categories":[11,2449],"tags":[783],"featured_image_src":"https:\/\/www.messinaoggi.it\/website\/wp-content\/uploads\/2025\/06\/20250622_0085.jpg","author_info":{"display_name":"Admin","author_link":"https:\/\/www.messinaoggi.it\/website\/author\/admin\/"},"digistream_id":0,"digistream":false,"_links":{"self":[{"href":"https:\/\/www.messinaoggi.it\/website\/wp-json\/wp\/v2\/posts\/243554"}],"collection":[{"href":"https:\/\/www.messinaoggi.it\/website\/wp-json\/wp\/v2\/posts"}],"about":[{"href":"https:\/\/www.messinaoggi.it\/website\/wp-json\/wp\/v2\/types\/post"}],"author":[{"embeddable":true,"href":"https:\/\/www.messinaoggi.it\/website\/wp-json\/wp\/v2\/users\/18"}],"replies":[{"embeddable":true,"href":"https:\/\/www.messinaoggi.it\/website\/wp-json\/wp\/v2\/comments?post=243554"}],"version-history":[{"count":1,"href":"https:\/\/www.messinaoggi.it\/website\/wp-json\/wp\/v2\/posts\/243554\/revisions"}],"predecessor-version":[{"id":243556,"href":"https:\/\/www.messinaoggi.it\/website\/wp-json\/wp\/v2\/posts\/243554\/revisions\/243556"}],"wp:featuredmedia":[{"embeddable":true,"href":"https:\/\/www.messinaoggi.it\/website\/wp-json\/wp\/v2\/media\/243555"}],"wp:attachment":[{"href":"https:\/\/www.messinaoggi.it\/website\/wp-json\/wp\/v2\/media?parent=243554"}],"wp:term":[{"taxonomy":"category","embeddable":true,"href":"https:\/\/www.messinaoggi.it\/website\/wp-json\/wp\/v2\/categories?post=243554"},{"taxonomy":"post_tag","embeddable":true,"href":"https:\/\/www.messinaoggi.it\/website\/wp-json\/wp\/v2\/tags?post=243554"}],"curies":[{"name":"wp","href":"https:\/\/api.w.org\/{rel}","templated":true}]}}